{"id":17501,"date":"2014-01-22T21:36:21","date_gmt":"2014-01-23T00:36:21","guid":{"rendered":"https:\/\/portalv1.com.br\/?p=17501"},"modified":"2014-04-10T17:11:35","modified_gmt":"2014-04-10T20:11:35","slug":"prefeito-ze-simao-afirma-que-lagoa-do-sitio-esta-pronta-para-a-festa","status":"publish","type":"post","link":"https:\/\/portalv1.com.br\/prefeito-ze-simao-afirma-que-lagoa-do-sitio-esta-pronta-para-a-festa\/","title":{"rendered":"Prefeito Z\u00e9 Sim\u00e3o afirma que Lagoa do Sitio est\u00e1 pronta para a festa"},"content":{"rendered":"<figure id=\"attachment_17502\" aria-describedby=\"caption-attachment-17502\" style=\"width: 300px\" class=\"wp-caption alignright\"><a href=\"https:\/\/portalv1.com.br\/app\/wp-content\/uploads\/2014\/01\/ze-sim\u00e3o.jpg\"><img loading=\"lazy\" decoding=\"async\" class=\"size-medium wp-image-17502\" alt=\"prefeito de Lagoa do Sitio, Z\u00e9 Sim\u00e3o \" src=\"https:\/\/portalv1.com.br\/app\/wp-content\/uploads\/2014\/01\/ze-sim\u00e3o-300x225.jpg\" width=\"300\" height=\"225\" srcset=\"https:\/\/portalv1.com.br\/app\/wp-content\/uploads\/2014\/01\/ze-sim\u00e3o-300x225.jpg 300w, https:\/\/portalv1.com.br\/app\/wp-content\/uploads\/2014\/01\/ze-sim\u00e3o.jpg 600w\" sizes=\"auto, (max-width: 300px) 100vw, 300px\" \/><\/a><figcaption id=\"caption-attachment-17502\" class=\"wp-caption-text\">prefeito de Lagoa do Sitio, Z\u00e9 Sim\u00e3o<\/figcaption><\/figure>\n<p>O prefeito de Lagoa do Sitio, Z\u00e9 Sim\u00e3o afirmou nesta quarta-feira (22), que a cidade est\u00e1 pronta para receber os turistas neste final de semana para as comemora\u00e7\u00f5es dos 20 anos de emancipa\u00e7\u00e3o pol\u00edtica. Em entrevista a FM Cidade de Valen\u00e7a, o prefeito convidou a todos para participarem da programa\u00e7\u00e3o que come\u00e7a no s\u00e1bado (25) com missa \u00e0s 09h na matriz, futebol \u00e0s 15h e culto evang\u00e9lico \u00e0s 19h na Igreja Assembleia de Deus. No dia 26 \u00e0s 06h tem maratona, a\u00e7\u00e3o em sa\u00fade \u00e0s 08h, circuito de MotoCross \u00e0s 14h e apresenta\u00e7\u00f5es culturais a partir das 19h na pra\u00e7a de eventos, seguido dos shows com o cantor Edson Sanfoneiro e Banda Bonde do Brasil.<\/p>\n<p>Z\u00e9 Sim\u00e3o disse que os shows ser\u00e3o realizados na nova pra\u00e7a de eventos denominada de Antonio Jos\u00e9 da Silva, que foi constru\u00edda para receber os eventos do munic\u00edpio. Disse ainda que esse ano a prefeitura se preparou para o evento e que a expectativa \u00e9 de uma grande participa\u00e7\u00e3o popular nos eventos especialmente nas festas e no MotoCross. Aproveitou para enumerar algumas obras como a constru\u00e7\u00e3o da sede da prefeitura, pavimenta\u00e7\u00e3o poli\u00e9drica, casas populares, estradas que coloca o munic\u00edpio como uma das cidades piauienses com o maior numero de recursos contratados em 2013. Disse tamb\u00e9m que muitas autoridades confirmaram a presen\u00e7a como os senadores Jo\u00e3o Vicente e Wellington Dias.<\/p>\n","protected":false},"excerpt":{"rendered":"<p>O prefeito de Lagoa do Sitio, Z\u00e9 Sim\u00e3o afirmou nesta quarta-feira (22), que a cidade est\u00e1 pronta para receber os turistas neste final de semana para as comemora\u00e7\u00f5es dos 20&#8230;<\/p>\n","protected":false},"author":1,"featured_media":0,"comment_status":"open","ping_status":"open","sticky":false,"template":"","format":"standard","meta":{"ngg_post_thumbnail":0,"footnotes":""},"categories":[12],"tags":[53],"class_list":["post-17501","post","type-post","status-publish","format-standard","hentry","category-valenca-news","tag-lagoa-do-sitio"],"views":335,"meta_data":{"thumb":"https:\/\/portalv1.com.br\/app\/wp-content\/uploads\/2014\/01\/ze-sim\u00e3o.jpg","data":{"simple":"22\/01\/2014","date_time":"22\/01\/2014 18:36:21","date":"h\u00e1 12 anos"},"chapeu":"Bonde do Brasil","source":"m_destacada"},"_links":{"self":[{"href":"https:\/\/portalv1.com.br\/api\/wp\/v2\/posts\/17501","targetHints":{"allow":["GET"]}}],"collection":[{"href":"https:\/\/portalv1.com.br\/api\/wp\/v2\/posts"}],"about":[{"href":"https:\/\/portalv1.com.br\/api\/wp\/v2\/types\/post"}],"author":[{"embeddable":true,"href":"https:\/\/portalv1.com.br\/api\/wp\/v2\/users\/1"}],"replies":[{"embeddable":true,"href":"https:\/\/portalv1.com.br\/api\/wp\/v2\/comments?post=17501"}],"version-history":[{"count":0,"href":"https:\/\/portalv1.com.br\/api\/wp\/v2\/posts\/17501\/revisions"}],"wp:attachment":[{"href":"https:\/\/portalv1.com.br\/api\/wp\/v2\/media?parent=17501"}],"wp:term":[{"taxonomy":"category","embeddable":true,"href":"https:\/\/portalv1.com.br\/api\/wp\/v2\/categories?post=17501"},{"taxonomy":"post_tag","embeddable":true,"href":"https:\/\/portalv1.com.br\/api\/wp\/v2\/tags?post=17501"}],"curies":[{"name":"wp","href":"https:\/\/api.w.org\/{rel}","templated":true}]}}