{"id":175775,"date":"2024-01-16T00:07:40","date_gmt":"2024-01-16T03:07:40","guid":{"rendered":"https:\/\/portalv1.com.br\/?p=175775"},"modified":"2024-01-16T08:27:43","modified_gmt":"2024-01-16T11:27:43","slug":"vereadora-rafaella-pede-que-prefeitura-recupere-pi-469-entre-valenca-e-lagoa-do-sitio","status":"publish","type":"post","link":"https:\/\/portalv1.com.br\/vereadora-rafaella-pede-que-prefeitura-recupere-pi-469-entre-valenca-e-lagoa-do-sitio\/","title":{"rendered":"Vereadora Rafaella pede que Prefeitura recupere PI 469 entre Valen\u00e7a e Lagoa do Sitio"},"content":{"rendered":"<p>A vereadora Rafaella pediu a interven\u00e7\u00e3o do prefeito Marcelo Costa e do secret\u00e1rio de obras Rubens Alencar para resolver a buraqueira da PI 469, que liga Valen\u00e7a e Lagoa do S\u00edtio. A vereadora mostrou a dificuldade que as pessoas est\u00e3o enfrentando no trecho entre os bairros Ieda Lima Verde e Campestre.<\/p>\n<p>A recupera\u00e7\u00e3o da PI 469 foi iniciada em 2021 pelo Governo do Estado come\u00e7ando pela cidade de Lagoa do S\u00edtio e n\u00e3o foi conclu\u00edda at\u00e9 o momento. A pavimenta\u00e7\u00e3o seria dividida de acordo com o Governo do Estado em duas etapas: 08km com um novo revestimento e o restante com a recupera\u00e7\u00e3o tapa-buracos.<\/p>\n<p>\u00c9 importante frisar que a obra \u00e9 de responsabilidade do Governo do Estado por se tratar de uma PI estadual, no entanto, a vereadora pediu que o prefeito e o secret\u00e1rio de obras intervenham para resolver o problema, uma vez que o Governo do Estado n\u00e3o faz.<\/p>\n<p>\u201cMeu dever \u00e9 fiscalizar e buscar atender as solicita\u00e7\u00f5es di\u00e1rias dos valencianos. A recupera\u00e7\u00e3o desse trecho j\u00e1 solicitei v\u00e1rias vezes e at\u00e9 agora n\u00e3o tivemos retorno, mas serei resistente e insistente a cobrar o que os valencianos precisam\u201d disse na publica\u00e7\u00e3o.<\/p>\n<blockquote class=\"instagram-media\" style=\"background: #FFF; border: 0; border-radius: 3px; box-shadow: 0 0 1px 0 rgba(0,0,0,0.5),0 1px 10px 0 rgba(0,0,0,0.15); margin: 1px; max-width: 540px; min-width: 326px; padding: 0; width: calc(100% - 2px);\" data-instgrm-captioned=\"\" data-instgrm-permalink=\"https:\/\/www.instagram.com\/reel\/C2IE3m5LUxR\/?utm_source=ig_embed&amp;utm_campaign=loading\" data-instgrm-version=\"14\">\n<div style=\"padding: 16px;\">\n<p>&nbsp;<\/p>\n<div style=\"display: flex; flex-direction: row; align-items: center;\">\n<div style=\"background-color: #f4f4f4; border-radius: 50%; flex-grow: 0; height: 40px; margin-right: 14px; width: 40px;\">&nbsp;<\/div>\n<div style=\"display: flex; flex-direction: column; flex-grow: 1; justify-content: center;\">\n<div style=\"background-color: #f4f4f4; border-radius: 4px; flex-grow: 0; height: 14px; margin-bottom: 6px; width: 100px;\">&nbsp;<\/div>\n<div style=\"background-color: #f4f4f4; border-radius: 4px; flex-grow: 0; height: 14px; width: 60px;\">&nbsp;<\/div>\n<\/div>\n<\/div>\n<div style=\"padding: 19% 0;\">&nbsp;<\/div>\n<div style=\"display: block; height: 50px; margin: 0 auto 12px; width: 50px;\">&nbsp;<\/div>\n<div style=\"padding-top: 8px;\">\n<div style=\"color: #3897f0; font-family: Arial,sans-serif; font-size: 14px; font-style: normal; font-weight: 550; line-height: 18px;\">Ver essa foto no Instagram<\/div>\n<\/div>\n<div style=\"padding: 12.5% 0;\">&nbsp;<\/div>\n<div style=\"display: flex; flex-direction: row; margin-bottom: 14px; align-items: center;\">\n<div>\n<div style=\"background-color: #f4f4f4; border-radius: 50%; height: 12.5px; width: 12.5px; transform: translateX(0px) translateY(7px);\">&nbsp;<\/div>\n<div style=\"background-color: #f4f4f4; height: 12.5px; transform: rotate(-45deg) translateX(3px) translateY(1px); width: 12.5px; flex-grow: 0; margin-right: 14px; margin-left: 2px;\">&nbsp;<\/div>\n<div style=\"background-color: #f4f4f4; border-radius: 50%; height: 12.5px; width: 12.5px; transform: translateX(9px) translateY(-18px);\">&nbsp;<\/div>\n<\/div>\n<div style=\"margin-left: 8px;\">\n<div style=\"background-color: #f4f4f4; border-radius: 50%; flex-grow: 0; height: 20px; width: 20px;\">&nbsp;<\/div>\n<div style=\"width: 0; height: 0; border-top: 2px solid transparent; border-left: 6px solid #f4f4f4; border-bottom: 2px solid transparent; transform: translateX(16px) translateY(-4px) rotate(30deg);\">&nbsp;<\/div>\n<\/div>\n<div style=\"margin-left: auto;\">\n<div style=\"width: 0px; border-top: 8px solid #F4F4F4; border-right: 8px solid transparent; transform: translateY(16px);\">&nbsp;<\/div>\n<div style=\"background-color: #f4f4f4; flex-grow: 0; height: 12px; width: 16px; transform: translateY(-4px);\">&nbsp;<\/div>\n<div style=\"width: 0; height: 0; border-top: 8px solid #F4F4F4; border-left: 8px solid transparent; transform: translateY(-4px) translateX(8px);\">&nbsp;<\/div>\n<\/div>\n<\/div>\n<div style=\"display: flex; flex-direction: column; flex-grow: 1; justify-content: center; margin-bottom: 24px;\">\n<div style=\"background-color: #f4f4f4; border-radius: 4px; flex-grow: 0; height: 14px; margin-bottom: 6px; width: 224px;\">&nbsp;<\/div>\n<div style=\"background-color: #f4f4f4; border-radius: 4px; flex-grow: 0; height: 14px; width: 144px;\">&nbsp;<\/div>\n<\/div>\n<p>&nbsp;<\/p>\n<p style=\"color: #c9c8cd; font-family: Arial,sans-serif; font-size: 14px; line-height: 17px; margin-bottom: 0; margin-top: 8px; overflow: hidden; padding: 8px 0 7px; text-align: center; text-overflow: ellipsis; white-space: nowrap;\"><a style=\"color: #c9c8cd; font-family: Arial,sans-serif; font-size: 14px; font-style: normal; font-weight: normal; line-height: 17px; text-decoration: none;\" href=\"https:\/\/www.instagram.com\/reel\/C2IE3m5LUxR\/?utm_source=ig_embed&amp;utm_campaign=loading\" target=\"_blank\" rel=\"noopener\">Uma publica\u00e7\u00e3o compartilhada por Rafaella Sampaio Lima Verde &#x2728; (@rafaellasampaiolv)<\/a><\/p>\n<\/div>\n<\/blockquote>\n<p><script async=\"\" src=\"\/\/www.instagram.com\/embed.js\"><\/script>&nbsp;<\/p>\n<p>&nbsp;<\/p>\n","protected":false},"excerpt":{"rendered":"<p>A vereadora Rafaella pediu a interven\u00e7\u00e3o do prefeito Marcelo Costa e do secret\u00e1rio de obras Rubens Alencar para resolver a buraqueira da PI 469, que liga Valen\u00e7a e Lagoa do&#8230;<\/p>\n","protected":false},"author":1,"featured_media":175776,"comment_status":"open","ping_status":"open","sticky":false,"template":"","format":"standard","meta":{"ngg_post_thumbnail":0,"footnotes":""},"categories":[243],"tags":[],"class_list":["post-175775","post","type-post","status-publish","format-standard","has-post-thumbnail","hentry","category-geral"],"views":879,"meta_data":{"thumb":"https:\/\/portalv1.com.br\/app\/wp-content\/uploads\/2024\/01\/WhatsApp-Image-2024-01-16-at-00.06.20.jpeg","imagem":{"fullsize":{"url":"https:\/\/portalv1.com.br\/app\/wp-content\/uploads\/2024\/01\/WhatsApp-Image-2024-01-16-at-00.06.20.jpeg","width":720,"height":1073},"medium":{"url":"https:\/\/portalv1.com.br\/app\/wp-content\/uploads\/2024\/01\/WhatsApp-Image-2024-01-16-at-00.06.20-300x447.jpeg","width":300,"height":447},"large":{"url":"https:\/\/portalv1.com.br\/app\/wp-content\/uploads\/2024\/01\/WhatsApp-Image-2024-01-16-at-00.06.20-640x954.jpeg","width":640,"height":954},"thumbnail":{"url":"https:\/\/portalv1.com.br\/app\/wp-content\/uploads\/2024\/01\/WhatsApp-Image-2024-01-16-at-00.06.20-100x100.jpeg","width":100,"height":100}},"data":{"simple":"15\/01\/2024","date_time":"15\/01\/2024 21:07:40","date":"h\u00e1 2 anos"},"chapeu":"Saiba Detalhes ","source":"slide"},"_links":{"self":[{"href":"https:\/\/portalv1.com.br\/api\/wp\/v2\/posts\/175775","targetHints":{"allow":["GET"]}}],"collection":[{"href":"https:\/\/portalv1.com.br\/api\/wp\/v2\/posts"}],"about":[{"href":"https:\/\/portalv1.com.br\/api\/wp\/v2\/types\/post"}],"author":[{"embeddable":true,"href":"https:\/\/portalv1.com.br\/api\/wp\/v2\/users\/1"}],"replies":[{"embeddable":true,"href":"https:\/\/portalv1.com.br\/api\/wp\/v2\/comments?post=175775"}],"version-history":[{"count":0,"href":"https:\/\/portalv1.com.br\/api\/wp\/v2\/posts\/175775\/revisions"}],"wp:featuredmedia":[{"embeddable":true,"href":"https:\/\/portalv1.com.br\/api\/wp\/v2\/media\/175776"}],"wp:attachment":[{"href":"https:\/\/portalv1.com.br\/api\/wp\/v2\/media?parent=175775"}],"wp:term":[{"taxonomy":"category","embeddable":true,"href":"https:\/\/portalv1.com.br\/api\/wp\/v2\/categories?post=175775"},{"taxonomy":"post_tag","embeddable":true,"href":"https:\/\/portalv1.com.br\/api\/wp\/v2\/tags?post=175775"}],"curies":[{"name":"wp","href":"https:\/\/api.w.org\/{rel}","templated":true}]}}