{"id":17611,"date":"2014-02-12T09:59:57","date_gmt":"2014-02-12T12:59:57","guid":{"rendered":"https:\/\/portalv1.com.br\/?p=17611"},"modified":"2014-02-14T00:19:31","modified_gmt":"2014-02-14T03:19:31","slug":"ministerio-publico-abre-vagas-para-valenca-veja-edital","status":"publish","type":"post","link":"https:\/\/portalv1.com.br\/ministerio-publico-abre-vagas-para-valenca-veja-edital\/","title":{"rendered":"Minist\u00e9rio P\u00fablico abre vagas para Valen\u00e7a. Veja edital"},"content":{"rendered":"<figure id=\"attachment_16672\" aria-describedby=\"caption-attachment-16672\" style=\"width: 300px\" class=\"wp-caption alignright\"><a href=\"https:\/\/portalv1.com.br\/app\/wp-content\/uploads\/2013\/09\/sinobilino.jpg\"><img loading=\"lazy\" decoding=\"async\" class=\"size-medium wp-image-16672\" alt=\"Promotor Sinobilino Junior \" src=\"https:\/\/portalv1.com.br\/app\/wp-content\/uploads\/2013\/09\/sinobilino-300x225.jpg\" width=\"300\" height=\"225\" srcset=\"https:\/\/portalv1.com.br\/app\/wp-content\/uploads\/2013\/09\/sinobilino-300x225.jpg 300w, https:\/\/portalv1.com.br\/app\/wp-content\/uploads\/2013\/09\/sinobilino.jpg 640w\" sizes=\"auto, (max-width: 300px) 100vw, 300px\" \/><\/a><figcaption id=\"caption-attachment-16672\" class=\"wp-caption-text\">Promotor Sinobilino Junior<\/figcaption><\/figure>\n<p>O Minist\u00e9rio P\u00fablico do Estado do Piau\u00ed (MPE-PI) est\u00e1 com inscri\u00e7\u00f5es abertas para processo seletivo para admiss\u00e3o de estagi\u00e1rios em varias cidades piauienses, entre elas a cidade de Valen\u00e7a do Piau\u00ed. De acordo com o promotor de justi\u00e7a Dr. Sinobilino Junior as vagas para Valen\u00e7a s\u00e3o para cadastro reserva. As inscri\u00e7\u00f5es custam R$ 30 reais e os interessados devem acessar o site do MPE-PI (VEJA LINK ABAIXO) ou procurar a 2\u00aa Promotoria de Justi\u00e7a de Valen\u00e7a do Piau\u00ed no F\u00f3rum Desembargador Arlindo Nogueira em frente aos Correios.<\/p>\n<p><a href=\"https:\/\/portalv1.com.br\/app\/wp-content\/uploads\/2014\/02\/EDITAL-PROCESSO-SELETIVO-2014-Programa-de-est\u00e1gio-do-MP-PI.pdf\">EDITAL PROCESSO SELETIVO 2014 &#8211; Programa de est\u00e1gio do MP-PI<\/a><\/p>\n","protected":false},"excerpt":{"rendered":"<p>O Minist\u00e9rio P\u00fablico do Estado do Piau\u00ed (MPE-PI) est\u00e1 com inscri\u00e7\u00f5es abertas para processo seletivo para admiss\u00e3o de estagi\u00e1rios em varias cidades piauienses, entre elas a cidade de Valen\u00e7a do&#8230;<\/p>\n","protected":false},"author":1,"featured_media":0,"comment_status":"open","ping_status":"open","sticky":false,"template":"","format":"standard","meta":{"ngg_post_thumbnail":0,"footnotes":""},"categories":[1055,12],"tags":[],"class_list":["post-17611","post","type-post","status-publish","format-standard","hentry","category-concurso-e-emprego","category-valenca-news"],"views":1422,"meta_data":{"thumb":"https:\/\/portalv1.com.br\/app\/wp-content\/uploads\/2013\/09\/sinobilino.jpg","data":{"simple":"12\/02\/2014","date_time":"12\/02\/2014 06:59:57","date":"h\u00e1 12 anos"},"chapeu":" Oportunidade","source":"retirar"},"_links":{"self":[{"href":"https:\/\/portalv1.com.br\/api\/wp\/v2\/posts\/17611","targetHints":{"allow":["GET"]}}],"collection":[{"href":"https:\/\/portalv1.com.br\/api\/wp\/v2\/posts"}],"about":[{"href":"https:\/\/portalv1.com.br\/api\/wp\/v2\/types\/post"}],"author":[{"embeddable":true,"href":"https:\/\/portalv1.com.br\/api\/wp\/v2\/users\/1"}],"replies":[{"embeddable":true,"href":"https:\/\/portalv1.com.br\/api\/wp\/v2\/comments?post=17611"}],"version-history":[{"count":0,"href":"https:\/\/portalv1.com.br\/api\/wp\/v2\/posts\/17611\/revisions"}],"wp:attachment":[{"href":"https:\/\/portalv1.com.br\/api\/wp\/v2\/media?parent=17611"}],"wp:term":[{"taxonomy":"category","embeddable":true,"href":"https:\/\/portalv1.com.br\/api\/wp\/v2\/categories?post=17611"},{"taxonomy":"post_tag","embeddable":true,"href":"https:\/\/portalv1.com.br\/api\/wp\/v2\/tags?post=17611"}],"curies":[{"name":"wp","href":"https:\/\/api.w.org\/{rel}","templated":true}]}}