{"id":17627,"date":"2014-02-14T00:12:08","date_gmt":"2014-02-14T03:12:08","guid":{"rendered":"https:\/\/portalv1.com.br\/?p=17627"},"modified":"2014-02-14T00:12:08","modified_gmt":"2014-02-14T03:12:08","slug":"audiencia-discutiu-a-regularizacao-de-imovel-em-pimenteiras","status":"publish","type":"post","link":"https:\/\/portalv1.com.br\/audiencia-discutiu-a-regularizacao-de-imovel-em-pimenteiras\/","title":{"rendered":"Audi\u00eancia discutiu a regulariza\u00e7\u00e3o de im\u00f3vel em Pimenteiras"},"content":{"rendered":"<figure id=\"attachment_17628\" aria-describedby=\"caption-attachment-17628\" style=\"width: 300px\" class=\"wp-caption alignright\"><a href=\"https:\/\/portalv1.com.br\/app\/wp-content\/uploads\/2014\/02\/venicio-audiencia.jpg\"><img loading=\"lazy\" decoding=\"async\" class=\"size-medium wp-image-17628\" alt=\"F\u00f3rum de Pimenteiras \" src=\"https:\/\/portalv1.com.br\/app\/wp-content\/uploads\/2014\/02\/venicio-audiencia-300x169.jpg\" width=\"300\" height=\"169\" srcset=\"https:\/\/portalv1.com.br\/app\/wp-content\/uploads\/2014\/02\/venicio-audiencia-300x169.jpg 300w, https:\/\/portalv1.com.br\/app\/wp-content\/uploads\/2014\/02\/venicio-audiencia.jpg 600w\" sizes=\"auto, (max-width: 300px) 100vw, 300px\" \/><\/a><figcaption id=\"caption-attachment-17628\" class=\"wp-caption-text\">F\u00f3rum de Pimenteiras<\/figcaption><\/figure>\n<p>O prefeito de Pimenteiras Venicio do \u00d3 participou no f\u00f3rum de Pimenteiras de uma audi\u00eancia sobre a legaliza\u00e7\u00e3o dos im\u00f3veis do munic\u00edpio. A prefeitura vem desde o ano passado discutindo essa mat\u00e9ria que tenta regularizar casas e terrenos no munic\u00edpio para dar tranquilidade aos propriet\u00e1rios e ao pr\u00f3prio munic\u00edpio que n\u00e3o sabe seu patrim\u00f4nio e por isso \u00e9 impedido de investir por causa dessa inseguran\u00e7a jur\u00eddica.<\/p>\n<p>O prefeito estava acompanhado de sua assessoria jur\u00eddica que tentou mostrar situa\u00e7\u00e3o do munic\u00edpio que apesar de completar 60 anos e somente em maio de 2013 ganhou a certid\u00e3o oficial de cidade ap\u00f3s um trabalho ardo do prefeito e sua equipe.<\/p>\n<p>Na plateia vereadores e populares ouviram as explica\u00e7\u00f5es da prefeitura aos representantes do judici\u00e1rio Dr\u00aa Mariana e Dr. Damasceno sobre o problema e pediram uma decis\u00e3o sobre a quest\u00e3o. O objetivo da prefeitura \u00e9 regularizar a situa\u00e7\u00e3o para que tanto a municipalidade quando os propriet\u00e1rios possam ter a garantia jur\u00eddica sobre os terrenos. O prefeito Venicio do \u00d3 se mostrou confiante na resolu\u00e7\u00e3o do problema e disse que a prefeitura n\u00e3o ser\u00e1 o entrave para a resolutividade da quest\u00e3o.<\/p>\n<p><strong><div class=\"ngg-galleryoverview\" data-widget=\"Galeria\" data-props='{&quot;galeria&quot;:{&quot;gallery_id&quot;:1456,&quot;total&quot;:7,&quot;max_page&quot;:1,&quot;page&quot;:1,&quot;images&quot;:[{&quot;pid&quot;:28458,&quot;imageURL&quot;:&quot;https:\\\/\\\/portalv1.com.br\\\/app\\\/wp-content\\\/gallery\\\/venicio-aud\\\/20140212_134231.jpg?t=1763171052&quot;,&quot;thumbnailURL&quot;:&quot;https:\\\/\\\/portalv1.com.br\\\/app\\\/wp-content\\\/gallery\\\/venicio-aud\\\/thumbs\\\/thumbs_20140212_134231.jpg?t=1763171052&quot;,&quot;description&quot;:&quot;U&quot;,&quot;alttext&quot;:&quot;20140212_134231&quot;,&quot;style&quot;:&quot;&quot;},{&quot;pid&quot;:28459,&quot;imageURL&quot;:&quot;https:\\\/\\\/portalv1.com.br\\\/app\\\/wp-content\\\/gallery\\\/venicio-aud\\\/20140212_140040.jpg?t=1763171046&quot;,&quot;thumbnailURL&quot;:&quot;https:\\\/\\\/portalv1.com.br\\\/app\\\/wp-content\\\/gallery\\\/venicio-aud\\\/thumbs\\\/thumbs_20140212_140040.jpg?t=1763171046&quot;,&quot;description&quot;:&quot;U&quot;,&quot;alttext&quot;:&quot;20140212_140040&quot;,&quot;style&quot;:&quot;&quot;},{&quot;pid&quot;:28460,&quot;imageURL&quot;:&quot;https:\\\/\\\/portalv1.com.br\\\/app\\\/wp-content\\\/gallery\\\/venicio-aud\\\/20140212_140058.jpg?t=1763171046&quot;,&quot;thumbnailURL&quot;:&quot;https:\\\/\\\/portalv1.com.br\\\/app\\\/wp-content\\\/gallery\\\/venicio-aud\\\/thumbs\\\/thumbs_20140212_140058.jpg?t=1763171046&quot;,&quot;description&quot;:&quot;U&quot;,&quot;alttext&quot;:&quot;20140212_140058&quot;,&quot;style&quot;:&quot;&quot;},{&quot;pid&quot;:28461,&quot;imageURL&quot;:&quot;https:\\\/\\\/portalv1.com.br\\\/app\\\/wp-content\\\/gallery\\\/venicio-aud\\\/20140212_140307.jpg?t=1763171046&quot;,&quot;thumbnailURL&quot;:&quot;https:\\\/\\\/portalv1.com.br\\\/app\\\/wp-content\\\/gallery\\\/venicio-aud\\\/thumbs\\\/thumbs_20140212_140307.jpg?t=1763171046&quot;,&quot;description&quot;:&quot;U&quot;,&quot;alttext&quot;:&quot;20140212_140307&quot;,&quot;style&quot;:&quot;&quot;},{&quot;pid&quot;:28462,&quot;imageURL&quot;:&quot;https:\\\/\\\/portalv1.com.br\\\/app\\\/wp-content\\\/gallery\\\/venicio-aud\\\/20140212_140314.jpg?t=1763171055&quot;,&quot;thumbnailURL&quot;:&quot;https:\\\/\\\/portalv1.com.br\\\/app\\\/wp-content\\\/gallery\\\/venicio-aud\\\/thumbs\\\/thumbs_20140212_140314.jpg?t=1763171055&quot;,&quot;description&quot;:&quot;U&quot;,&quot;alttext&quot;:&quot;20140212_140314&quot;,&quot;style&quot;:&quot;&quot;},{&quot;pid&quot;:28463,&quot;imageURL&quot;:&quot;https:\\\/\\\/portalv1.com.br\\\/app\\\/wp-content\\\/gallery\\\/venicio-aud\\\/20140212_140801.jpg?t=1763171055&quot;,&quot;thumbnailURL&quot;:&quot;https:\\\/\\\/portalv1.com.br\\\/app\\\/wp-content\\\/gallery\\\/venicio-aud\\\/thumbs\\\/thumbs_20140212_140801.jpg?t=1763171055&quot;,&quot;description&quot;:&quot;U&quot;,&quot;alttext&quot;:&quot;20140212_140801&quot;,&quot;style&quot;:&quot;&quot;},{&quot;pid&quot;:28464,&quot;imageURL&quot;:&quot;https:\\\/\\\/portalv1.com.br\\\/app\\\/wp-content\\\/gallery\\\/venicio-aud\\\/20140212_141007.jpg?t=1763171055&quot;,&quot;thumbnailURL&quot;:&quot;https:\\\/\\\/portalv1.com.br\\\/app\\\/wp-content\\\/gallery\\\/venicio-aud\\\/thumbs\\\/thumbs_20140212_141007.jpg?t=1763171055&quot;,&quot;description&quot;:&quot;U&quot;,&quot;alttext&quot;:&quot;20140212_141007&quot;,&quot;style&quot;:&quot;&quot;}]}}'><\/div><\/strong>.<\/p>\n","protected":false},"excerpt":{"rendered":"<p>O prefeito de Pimenteiras Venicio do \u00d3 participou no f\u00f3rum de Pimenteiras de uma audi\u00eancia sobre a legaliza\u00e7\u00e3o dos im\u00f3veis do munic\u00edpio. A prefeitura vem desde o ano passado discutindo&#8230;<\/p>\n","protected":false},"author":1,"featured_media":0,"comment_status":"open","ping_status":"open","sticky":false,"template":"","format":"standard","meta":{"ngg_post_thumbnail":0,"footnotes":""},"categories":[12],"tags":[],"class_list":["post-17627","post","type-post","status-publish","format-standard","hentry","category-valenca-news"],"views":457,"meta_data":{"thumb":"https:\/\/portalv1.com.br\/app\/wp-content\/uploads\/2014\/02\/venicio-audiencia.jpg","data":{"simple":"13\/02\/2014","date_time":"13\/02\/2014 21:12:08","date":"h\u00e1 12 anos"},"chapeu":"Legaliza\u00e7\u00e3o","source":"slide"},"_links":{"self":[{"href":"https:\/\/portalv1.com.br\/api\/wp\/v2\/posts\/17627","targetHints":{"allow":["GET"]}}],"collection":[{"href":"https:\/\/portalv1.com.br\/api\/wp\/v2\/posts"}],"about":[{"href":"https:\/\/portalv1.com.br\/api\/wp\/v2\/types\/post"}],"author":[{"embeddable":true,"href":"https:\/\/portalv1.com.br\/api\/wp\/v2\/users\/1"}],"replies":[{"embeddable":true,"href":"https:\/\/portalv1.com.br\/api\/wp\/v2\/comments?post=17627"}],"version-history":[{"count":0,"href":"https:\/\/portalv1.com.br\/api\/wp\/v2\/posts\/17627\/revisions"}],"wp:attachment":[{"href":"https:\/\/portalv1.com.br\/api\/wp\/v2\/media?parent=17627"}],"wp:term":[{"taxonomy":"category","embeddable":true,"href":"https:\/\/portalv1.com.br\/api\/wp\/v2\/categories?post=17627"},{"taxonomy":"post_tag","embeddable":true,"href":"https:\/\/portalv1.com.br\/api\/wp\/v2\/tags?post=17627"}],"curies":[{"name":"wp","href":"https:\/\/api.w.org\/{rel}","templated":true}]}}