{"id":1763,"date":"2009-12-10T09:59:39","date_gmt":"2009-12-10T12:59:39","guid":{"rendered":"https:\/\/portalv1.com.br\/?p=1763"},"modified":"2009-12-10T09:59:39","modified_gmt":"2009-12-10T12:59:39","slug":"apcdep-divulga-programacao-do-encontro-estadual","status":"publish","type":"post","link":"https:\/\/portalv1.com.br\/apcdep-divulga-programacao-do-encontro-estadual\/","title":{"rendered":"APCDEP divulga programa\u00e7\u00e3o do encontro estadual."},"content":{"rendered":"<figure id=\"attachment_1764\" aria-describedby=\"caption-attachment-1764\" style=\"width: 300px\" class=\"wp-caption alignright\"><a href=\"https:\/\/portalv1.com.br\/app\/wp-content\/uploads\/2009\/12\/manoell.jpg\"><img loading=\"lazy\" decoding=\"async\" class=\"size-full wp-image-1764\" title=\"manoell\" src=\"https:\/\/portalv1.com.br\/app\/wp-content\/uploads\/2009\/12\/manoell.jpg\" alt=\"Sec. Luciano Paes Landim e Manoel Ramos presdiente da APCDEP\" width=\"300\" height=\"183\" \/><\/a><figcaption id=\"caption-attachment-1764\" class=\"wp-caption-text\">Sec. Luciano Paes Landim e Manoel Ramos presdiente da APCDEP<\/figcaption><\/figure>\n<p>A Associa\u00e7\u00e3o Profissional dos Cronistas Desportivos do Estado Piau\u00ed (APCDEP) divulgou a programa\u00e7\u00e3o do XVI da cr\u00f4nica especializada, que acontece na cidade Elesb\u00e3o Veloso de 28 a 30 de janeiro de 2010.<\/p>\n<p>Durante o encontro ser\u00e1 realizada a elei\u00e7\u00e3o para a escolha da diretoria estadual da entidade que congrega os cronistas desportivos estaduais. Entre as personalidades confirmadas para o evento est\u00e3o a do presidente da Associa\u00e7\u00e3o Brasileira dos Cronistas Esportivos (Abrace) Aderson Nogueira e Jo\u00e3o Pedro da cr\u00f4nica esportiva do estado do Goi\u00e1s.<\/p>\n<p>A coordena\u00e7\u00e3o do encontro \u00e9 do Secret\u00e1rio Estadual de Transporte Luciano Paes Landim.<\/p>\n<p>Confira programa\u00e7\u00e3o.<\/p>\n<p>Dia 28-as 16,00H chegada dos congressistas a Cidade de Elesb\u00e3o Veloso,o credenciamento as 17,00H.<br \/>\n&#8212;&#8212;&#8212;&#8212;&#8212;&#8212;&#8212;&#8212;&#8212;&#8212;&#8212;&#8212;&#8211;<br \/>\n19,00h Abertura solene do evento no audit\u00f3rio da Prefeitura de Elesb\u00e3o Veloso.<br \/>\n22,00;Horas jantar festivo<br \/>\n&#8212;&#8212;&#8212;&#8212;&#8212;&#8212;&#8212;&#8212;&#8212;&#8212;&#8212;&#8212;&#8211;<br \/>\nDIA 29 de Janeiro 2010<\/p>\n<p>Horas 8,30-Instala\u00e7\u00e3o da Assembl\u00e9ia Geral ordin\u00e1ria elei\u00e7\u00e3o do presidente da assembl\u00e9ia para comandar os trabalhos do XVI Congresso estadual da cr\u00f4nica esportiva do Piau\u00ed.<br \/>\n&#8212;&#8212;&#8212;&#8212;&#8212;&#8212;&#8212;&#8212;&#8212;&#8212;&#8212;&#8212;&#8211;<br \/>\n8.40h-Palestra do Dr. Luciano Paes Landim<br \/>\nTema-A Cidade de Elesb\u00e3o Veloso sua Historia sua cultura seu povo.<br \/>\n&#8212;&#8212;&#8212;&#8212;&#8212;&#8212;&#8212;&#8212;&#8212;&#8212;&#8212;&#8212;&#8211;<br \/>\n10,00h-Palestra do Jornalista ex-presidente da APCDEP Dr. Pedro Alc\u00e2ntara Carvalho do Nascimento.<br \/>\nTema- \u00c9tica e profissionalismo.<br \/>\n&#8212;&#8212;&#8212;&#8212;&#8212;&#8212;&#8212;&#8212;&#8212;&#8212;&#8212;&#8212;&#8211;<br \/>\n11,00h-Lanche<br \/>\n11,20h-Palestra Jornalista &#8211; Jo\u00e3o Pedro de Sousa presidente da cr\u00f4nica esportiva do estado do Goi\u00e1s<br \/>\nTema-A comunica\u00e7\u00e3o Esportiva no Brasil.<br \/>\n&#8212;&#8212;&#8212;&#8212;&#8212;&#8212;&#8212;&#8212;&#8212;&#8212;&#8212;&#8212;&#8211;<br \/>\n12,30h;Almo\u00e7o<\/p>\n<p>14,00h;palestra do jornalista Luis Carlos presidente do sindicato dos jornalistas do estado do Piau\u00ed<br \/>\nTema- Direitos obriga\u00e7\u00f5es do Jornalista como profissional.<br \/>\n&#8212;&#8212;&#8212;&#8212;&#8212;&#8212;&#8212;&#8212;&#8212;&#8212;&#8212;&#8212;&#8211;<br \/>\n15,00h-palestra do Dr. Aderson Maia Nogueira presidente da Associa\u00e7\u00e3o Brasileira de Cronistas Esportivos -ABRACE-e Federation de Periodistas de Am\u00e9rica &#8211; FEPEDA<br \/>\nTema &#8211; Abrace-Entidades Filiadas Copa do Mundo de 2014 Direitos e Deveres.<br \/>\n&#8212;&#8212;&#8212;&#8212;&#8212;&#8212;&#8212;&#8212;&#8212;&#8212;&#8212;&#8212;&#8211;<br \/>\n16,00h-Lanche<\/p>\n<p>16,30h- Palestra do Jornalista ex-presidente da APCDEP, Dr. Deusdeth Nunes dos Santos(Garrincha)Tema-O futebol Profissional Piauiense sua decad\u00eancia.<br \/>\n&#8212;&#8212;&#8212;&#8212;&#8212;&#8212;&#8212;&#8212;&#8212;&#8212;&#8212;&#8212;&#8211;<br \/>\n18,30h- A diretoria da APCDEP presta Homenagem ao Dr. Luciano Paes Landim placa comemorativa dos cinq\u00fcenta anos da entidade que congrega os Jornalistas e Radialistas esportivos do estado do Piau\u00ed.<br \/>\n&#8212;&#8212;&#8212;&#8212;&#8212;&#8212;&#8212;&#8212;&#8212;&#8212;&#8212;&#8212;&#8211;<br \/>\n19,00h-Jantar festivo.<\/p>\n<p>Dia 30\/01\/2010<\/p>\n<p>8,30h-palestra das Federa\u00e7\u00f5es esportivas do Piau\u00ed<br \/>\nTema- Jogos Ol\u00edmpicos A participa\u00e7\u00e3o Piauiense, nas 0l\u00edmpiadas de 2016, Oficinas.<br \/>\n10,00h-Lanche<br \/>\n&#8212;&#8212;&#8212;&#8212;&#8212;&#8212;&#8212;&#8212;&#8212;&#8212;&#8212;&#8212;&#8211;<br \/>\n10,20h-plen\u00e1ria<\/p>\n<p>11,00h-Resumo das Oficinas<\/p>\n<p>11,30h-Presta\u00e7\u00e3o de contas da entidade do exerc\u00edcio de 2009.<br \/>\n12,00h-Almo\u00e7o.<br \/>\n&#8212;&#8212;&#8212;&#8212;&#8212;&#8212;&#8212;&#8212;&#8212;&#8212;&#8212;&#8212;&#8211;<br \/>\n14,00h-Instala\u00e7\u00e3o e convoca\u00e7\u00e3o da Assembl\u00e9ia Geral Extraordin\u00e1ria Ordem do dia a elei\u00e7\u00e3o da nova diretoria quadri\u00eanio 2010\/2013- proclama\u00e7\u00e3o dos eleitos e posse,<br \/>\nescolha da sede do congresso de 2011,<br \/>\n&#8212;&#8212;&#8212;&#8212;&#8212;&#8212;&#8212;&#8212;&#8212;&#8212;&#8212;&#8212;&#8211;<br \/>\n16,00h-Jogo Sele\u00e7\u00e3o Sul X sele\u00e7\u00e3o Norte de cronistas esportivos.<br \/>\n19,00h-Entrega dos certificados dos participantes Jantar festivo.<br \/>\n&#8212;&#8212;&#8212;&#8212;&#8212;&#8212;&#8212;&#8212;&#8212;&#8212;&#8212;&#8212;&#8211;<br \/>\nDia 31\/01\/2010<br \/>\n8,30h-<br \/>\nRetorno as cidades de origem e estados dos participantes.<br \/>\n&#8212;&#8212;&#8212;&#8212;&#8212;&#8212;&#8212;&#8212;&#8212;&#8212;&#8212;&#8212;&#8211;<br \/>\nDr. Luciano Paes Landim o patrocinador do XVl congresso estadual da cr\u00f4nica esportiva do estado do Piau\u00ed na cidade de Elesb\u00e3o Veloso.<br \/>\n&#8212;&#8212;&#8212;&#8212;&#8212;&#8212;&#8212;&#8212;&#8212;&#8212;&#8212;&#8212;&#8211;<br \/>\nOs agradecimentos dos cronistas esportivos de todo Piau\u00ed ao senhor secret\u00e1rio de Planejamento do estado do Piau\u00ed- Dr. Luciano Paes Landim,Manoel Ramos presidente da APCDEP.<\/p>\n","protected":false},"excerpt":{"rendered":"<p>A Associa\u00e7\u00e3o Profissional dos Cronistas Desportivos do Estado Piau\u00ed (APCDEP) divulgou a programa\u00e7\u00e3o do XVI da cr\u00f4nica especializada, que acontece na cidade Elesb\u00e3o Veloso de 28 a 30 de janeiro&#8230;<\/p>\n","protected":false},"author":1,"featured_media":0,"comment_status":"open","ping_status":"open","sticky":false,"template":"","format":"standard","meta":{"ngg_post_thumbnail":0,"footnotes":""},"categories":[12],"tags":[409],"class_list":["post-1763","post","type-post","status-publish","format-standard","hentry","category-valenca-news","tag-elesbao-veloso"],"views":499,"meta_data":{"thumb":"https:\/\/portalv1.com.br\/app\/wp-content\/uploads\/2009\/12\/manoell.jpg","data":{"simple":"10\/12\/2009","date_time":"10\/12\/2009 06:59:39","date":"h\u00e1 16 anos"},"chapeu":"","source":""},"_links":{"self":[{"href":"https:\/\/portalv1.com.br\/api\/wp\/v2\/posts\/1763","targetHints":{"allow":["GET"]}}],"collection":[{"href":"https:\/\/portalv1.com.br\/api\/wp\/v2\/posts"}],"about":[{"href":"https:\/\/portalv1.com.br\/api\/wp\/v2\/types\/post"}],"author":[{"embeddable":true,"href":"https:\/\/portalv1.com.br\/api\/wp\/v2\/users\/1"}],"replies":[{"embeddable":true,"href":"https:\/\/portalv1.com.br\/api\/wp\/v2\/comments?post=1763"}],"version-history":[{"count":0,"href":"https:\/\/portalv1.com.br\/api\/wp\/v2\/posts\/1763\/revisions"}],"wp:attachment":[{"href":"https:\/\/portalv1.com.br\/api\/wp\/v2\/media?parent=1763"}],"wp:term":[{"taxonomy":"category","embeddable":true,"href":"https:\/\/portalv1.com.br\/api\/wp\/v2\/categories?post=1763"},{"taxonomy":"post_tag","embeddable":true,"href":"https:\/\/portalv1.com.br\/api\/wp\/v2\/tags?post=1763"}],"curies":[{"name":"wp","href":"https:\/\/api.w.org\/{rel}","templated":true}]}}