{"id":17631,"date":"2014-02-16T22:15:15","date_gmt":"2014-02-17T01:15:15","guid":{"rendered":"https:\/\/portalv1.com.br\/?p=17631"},"modified":"2014-02-16T22:15:15","modified_gmt":"2014-02-17T01:15:15","slug":"presidenta-dilma-deve-anunciar-r-700-milhoes-para-o-piaui-nesta-terca-feira","status":"publish","type":"post","link":"https:\/\/portalv1.com.br\/presidenta-dilma-deve-anunciar-r-700-milhoes-para-o-piaui-nesta-terca-feira\/","title":{"rendered":"Presidenta Dilma deve anunciar R$ 700 milh\u00f5es para o Piau\u00ed nesta ter\u00e7a-feira"},"content":{"rendered":"<figure id=\"attachment_17632\" aria-describedby=\"caption-attachment-17632\" style=\"width: 300px\" class=\"wp-caption alignright\"><a href=\"https:\/\/portalv1.com.br\/app\/wp-content\/uploads\/2014\/02\/dilma.jpg\"><img loading=\"lazy\" decoding=\"async\" class=\"size-medium wp-image-17632\" alt=\"A presidenta chega a Teresina as 9:30 desta ter\u00e7a-feira\" src=\"https:\/\/portalv1.com.br\/app\/wp-content\/uploads\/2014\/02\/dilma-300x225.jpg\" width=\"300\" height=\"225\" srcset=\"https:\/\/portalv1.com.br\/app\/wp-content\/uploads\/2014\/02\/dilma-300x225.jpg 300w, https:\/\/portalv1.com.br\/app\/wp-content\/uploads\/2014\/02\/dilma-640x480.jpg 640w, https:\/\/portalv1.com.br\/app\/wp-content\/uploads\/2014\/02\/dilma.jpg 906w\" sizes=\"auto, (max-width: 300px) 100vw, 300px\" \/><\/a><figcaption id=\"caption-attachment-17632\" class=\"wp-caption-text\">A presidenta chega a Teresina as 9:30 desta ter\u00e7a-feira<\/figcaption><\/figure>\n<p>A presidente Dilma Rousseff aumentou para R$ 700 milh\u00f5es o valor dos investimentos que vai anunciar para o Piau\u00ed nesta ter\u00e7a-feira, quando visita Teresina a partir das 9h30, informou no domingo o senador Wellington Dias (PT).<\/p>\n<p>Estava previsto o an\u00fancio de R$ 250 milh\u00f5es para as obras de amplia\u00e7\u00e3o e prolongamento da rede do Metr\u00f4 de Teresina, mas o senador Wellington Dias afirmou que os recursos para obras de mobilidade urbana que ser\u00e3o anunciados pela presidente Dilma Rousseff ser\u00e1 no valor de R$ 400 milh\u00f5es para o Governo do Estado e Prefeitura de Teresina.<\/p>\n<p>\u201c\u00c9 o maior investimento em obras de mobilidade urbana j\u00e1 feito no Piau\u00ed\u201d, declarou o senador Wellington Dias.<\/p>\n<p>Wellington Dias afirmou que a presidente Dilma Rousseff vai entregar m\u00e1quinas e equipamentos para 50 prefeitos do interior do Piau\u00ed.<\/p>\n<p>\u201cEla (presidente Dilma Rousseff) vai lan\u00e7ar o maior programa de mobilidade urbana da Hist\u00f3ria do Piau\u00ed. S\u00e3o cerca de R$ 400 milh\u00f5es investidos\u201d, acrescentou Dias.<\/p>\n<p>Ele acrescentou que os recursos para mobilidade urbana para Teresina s\u00e3o para a amplia\u00e7\u00e3o do Metr\u00f4 de Teresina, alargamento de avenidas.<\/p>\n<p>Wellington Dias disse que os recursos s\u00e3o para obras n\u00e3o apenas destinadas para o tr\u00e2nsito de ve\u00edculos, mas tamb\u00e9m para garantia da seguran\u00e7a de pedestres e ciclistas em todas as regi\u00f5es de Teresina. As obras ser\u00e3o realizadas em parceria com o Governo do Estado e Prefeitura de Teresina.<\/p>\n<p>\u201cO que mostra o modelo republicano, independente de posi\u00e7\u00e3o eleitoral ou de posi\u00e7\u00e3o pol\u00edtica\u201d, acrescentou Wellington Dias.<\/p>\n<p>O senador Wellington Dias informou que a presidente Dilma Rousseff vai assinar conv\u00eanios com o Governo do Estado, em rela\u00e7\u00e3o ao prolongamento do Metr\u00f4 de Teresina, e com a Prefeitura de Teresina as obras relacionadas com o transporte coletivo e adapta\u00e7\u00e3o nas principais avenidas e ruas teresinenses para garantir a desobstru\u00e7\u00e3o do tr\u00e2nsito na \u00e1rea urbana porque um dos graves problemas da capital piauiense \u00e9 a lentid\u00e3o do fluxo de ve\u00edculos.<\/p>\n<p>\u201cSer\u00e3o obras de abertura de novas avenidas e melhoramento de outras avenidas, al\u00e9m de uma ponte na regi\u00e3o do Mocambinho\u201d, falou o senador.<\/p>\n<p>A presidente Dilma Rousseff tamb\u00e9m vai anunciar na ter\u00e7a-feira recursos para a constru\u00e7\u00e3o da rodovia BR-235 ligando a divisa da Bahia com Caracol, Guaribas e indo at\u00e9 o munic\u00edpio de Bom Jesus e passando pr\u00f3ximo da cidade de Santa Luz, no sul do Piau\u00ed, onde existe uma das maiores reservas de fosfato no Brasil.<\/p>\n<p>Conforme o senador Wellington Dias, as obras de constru\u00e7\u00e3o da rodovia BR-235 v\u00e3o custar de R$ 150 milh\u00f5es a R$ 200 milh\u00f5es e s\u00e3o de grande relev\u00e2ncia para a regi\u00e3o.<\/p>\n<p>Ser\u00e3o anunciados obras em cidades do interior do Piau\u00ed.<\/p>\n<p>Fonte: meionorte<\/p>\n","protected":false},"excerpt":{"rendered":"<p>A presidente Dilma Rousseff aumentou para R$ 700 milh\u00f5es o valor dos investimentos que vai anunciar para o Piau\u00ed nesta ter\u00e7a-feira, quando visita Teresina a partir das 9h30, informou no&#8230;<\/p>\n","protected":false},"author":1,"featured_media":0,"comment_status":"open","ping_status":"open","sticky":false,"template":"","format":"standard","meta":{"ngg_post_thumbnail":0,"footnotes":""},"categories":[12],"tags":[],"class_list":["post-17631","post","type-post","status-publish","format-standard","hentry","category-valenca-news"],"views":753,"meta_data":{"thumb":"https:\/\/portalv1.com.br\/app\/wp-content\/uploads\/2014\/02\/dilma.jpg","data":{"simple":"16\/02\/2014","date_time":"16\/02\/2014 19:15:15","date":"h\u00e1 12 anos"},"chapeu":"Dilma no Piaui ","source":"slide"},"_links":{"self":[{"href":"https:\/\/portalv1.com.br\/api\/wp\/v2\/posts\/17631","targetHints":{"allow":["GET"]}}],"collection":[{"href":"https:\/\/portalv1.com.br\/api\/wp\/v2\/posts"}],"about":[{"href":"https:\/\/portalv1.com.br\/api\/wp\/v2\/types\/post"}],"author":[{"embeddable":true,"href":"https:\/\/portalv1.com.br\/api\/wp\/v2\/users\/1"}],"replies":[{"embeddable":true,"href":"https:\/\/portalv1.com.br\/api\/wp\/v2\/comments?post=17631"}],"version-history":[{"count":0,"href":"https:\/\/portalv1.com.br\/api\/wp\/v2\/posts\/17631\/revisions"}],"wp:attachment":[{"href":"https:\/\/portalv1.com.br\/api\/wp\/v2\/media?parent=17631"}],"wp:term":[{"taxonomy":"category","embeddable":true,"href":"https:\/\/portalv1.com.br\/api\/wp\/v2\/categories?post=17631"},{"taxonomy":"post_tag","embeddable":true,"href":"https:\/\/portalv1.com.br\/api\/wp\/v2\/tags?post=17631"}],"curies":[{"name":"wp","href":"https:\/\/api.w.org\/{rel}","templated":true}]}}