{"id":17712,"date":"2014-03-02T10:28:12","date_gmt":"2014-03-02T13:28:12","guid":{"rendered":"https:\/\/portalv1.com.br\/?p=17712"},"modified":"2014-03-02T10:28:12","modified_gmt":"2014-03-02T13:28:12","slug":"nesta-segunda-feira-tem-corso-em-pimenteiras-faca-sua-inscricao","status":"publish","type":"post","link":"https:\/\/portalv1.com.br\/nesta-segunda-feira-tem-corso-em-pimenteiras-faca-sua-inscricao\/","title":{"rendered":"Nesta segunda-feira tem Corso em Pimenteiras. Fa\u00e7a sua inscri\u00e7\u00e3o"},"content":{"rendered":"<figure id=\"attachment_17528\" aria-describedby=\"caption-attachment-17528\" style=\"width: 300px\" class=\"wp-caption alignright\"><a href=\"https:\/\/portalv1.com.br\/app\/wp-content\/uploads\/2014\/01\/carnaval.jpg\"><img loading=\"lazy\" decoding=\"async\" class=\"size-medium wp-image-17528\" alt=\"Todas as noites haver\u00e1 festa na Pra\u00e7a do Abrigo\" src=\"https:\/\/portalv1.com.br\/app\/wp-content\/uploads\/2014\/01\/carnaval-300x211.jpg\" width=\"300\" height=\"211\" srcset=\"https:\/\/portalv1.com.br\/app\/wp-content\/uploads\/2014\/01\/carnaval-300x211.jpg 300w, https:\/\/portalv1.com.br\/app\/wp-content\/uploads\/2014\/01\/carnaval.jpg 600w\" sizes=\"auto, (max-width: 300px) 100vw, 300px\" \/><\/a><figcaption id=\"caption-attachment-17528\" class=\"wp-caption-text\">Todas as noites haver\u00e1 festa na Pra\u00e7a do Abrigo<\/figcaption><\/figure>\n<p>Ser\u00e1 realizado nesta segunda-feira de carnaval o Corso de Pimenteiras. A concentra\u00e7\u00e3o ser\u00e1 na Rua Presidente Medici \u00e0s 15, com desfile pelas ruas com termino na Pra\u00e7a do Abrigo Central. Haver\u00e1 disputa entre os carros inscritos que concorrer\u00e3o ao premio de R$ 500 reais. Neste domingo (02) haver\u00e1 matin\u00ea para as crian\u00e7as e festa \u00e0 noite na Pra\u00e7a do Abrigo que por sinal receber\u00e1 eventos todas as noites de folia. As inscri\u00e7\u00f5es ainda podem ser feitas na secret\u00e1ria de cultura de Pimenteiras ou na hora do evento.<\/p>\n","protected":false},"excerpt":{"rendered":"<p>Ser\u00e1 realizado nesta segunda-feira de carnaval o Corso de Pimenteiras. A concentra\u00e7\u00e3o ser\u00e1 na Rua Presidente Medici \u00e0s 15, com desfile pelas ruas com termino na Pra\u00e7a do Abrigo Central&#8230;.<\/p>\n","protected":false},"author":1,"featured_media":0,"comment_status":"open","ping_status":"open","sticky":false,"template":"","format":"standard","meta":{"ngg_post_thumbnail":0,"footnotes":""},"categories":[12],"tags":[],"class_list":["post-17712","post","type-post","status-publish","format-standard","hentry","category-valenca-news"],"views":1070,"meta_data":{"thumb":"https:\/\/portalv1.com.br\/app\/wp-content\/uploads\/2014\/01\/carnaval.jpg","data":{"simple":"02\/03\/2014","date_time":"02\/03\/2014 07:28:12","date":"h\u00e1 12 anos"},"chapeu":"Com premia\u00e7\u00e3o ","source":"m_destacada"},"_links":{"self":[{"href":"https:\/\/portalv1.com.br\/api\/wp\/v2\/posts\/17712","targetHints":{"allow":["GET"]}}],"collection":[{"href":"https:\/\/portalv1.com.br\/api\/wp\/v2\/posts"}],"about":[{"href":"https:\/\/portalv1.com.br\/api\/wp\/v2\/types\/post"}],"author":[{"embeddable":true,"href":"https:\/\/portalv1.com.br\/api\/wp\/v2\/users\/1"}],"replies":[{"embeddable":true,"href":"https:\/\/portalv1.com.br\/api\/wp\/v2\/comments?post=17712"}],"version-history":[{"count":0,"href":"https:\/\/portalv1.com.br\/api\/wp\/v2\/posts\/17712\/revisions"}],"wp:attachment":[{"href":"https:\/\/portalv1.com.br\/api\/wp\/v2\/media?parent=17712"}],"wp:term":[{"taxonomy":"category","embeddable":true,"href":"https:\/\/portalv1.com.br\/api\/wp\/v2\/categories?post=17712"},{"taxonomy":"post_tag","embeddable":true,"href":"https:\/\/portalv1.com.br\/api\/wp\/v2\/tags?post=17712"}],"curies":[{"name":"wp","href":"https:\/\/api.w.org\/{rel}","templated":true}]}}