{"id":177181,"date":"2024-01-18T16:19:09","date_gmt":"2024-01-18T19:19:09","guid":{"rendered":"https:\/\/portalv1.com.br\/?p=177181"},"modified":"2024-01-18T16:47:26","modified_gmt":"2024-01-18T19:47:26","slug":"regional-de-valenca-recebe-pacientes-do-hospital-de-picos-que-teve-principio-de-incendio","status":"publish","type":"post","link":"https:\/\/portalv1.com.br\/regional-de-valenca-recebe-pacientes-do-hospital-de-picos-que-teve-principio-de-incendio\/","title":{"rendered":"Regional de Valen\u00e7a recebe pacientes do hospital de Picos que teve princ\u00edpio de inc\u00eandio"},"content":{"rendered":"<p>Com a not\u00edcia do inc\u00eandio que atingiu a ala B do Hospital Regional Justino Luz de Picos nas primeiras horas desta quinta-feira (18), a dire\u00e7\u00e3o do Hospital Regional Eust\u00e1quio Portela de Valen\u00e7a do Piau\u00ed deslocou uma equipe para oferecer suporte e providenciar a transfer\u00eancia de pacientes da unidade.<\/p>\n<p>A enfermeira Dalva Rosa, coordenadora do N\u00facleo Interno de Regula\u00e7\u00e3o &#8211; NIR, do Regional Eust\u00e1quio Portela, conta que diante da situa\u00e7\u00e3o o hospital de Valen\u00e7a fez todo o preparo para receber os pacientes.<\/p>\n<p>&#8220;Nossa diretora geral disponibilizou 22 leitos no momento dessa urg\u00eancia, desse inc\u00eandio, entre esses 22 foram divididos entre cl\u00ednica m\u00e9dica, cl\u00ednica cir\u00fargica, cl\u00ednica obst\u00e9trica e pedi\u00e1trica&#8221;, disse a coordenadora que foi junto com a equipe destinada para Picos.<\/p>\n<p>Por conta dessa abertura de leitos para receber os pacientes remanejados do Regional de Picos, inicialmente havia se articulado o cancelamento das cirurgias eletivas, mas no decorrer da manh\u00e3 muitos pacientes do Justino Luz receberam alta ou foram destinados para outras unidades mais pr\u00f3ximas, dessa forma, fazendo o n\u00famero de pacientes que viriam para Valen\u00e7a cair de 16 para 03, sendo dois pacientes de Pimenteiras e uma de Picos. Diante disso, a dire\u00e7\u00e3o manteve a realiza\u00e7\u00e3o das cirurgias eletivas no Eust\u00e1quio Portela.<\/p>\n<p>Dalva Rosa destaca a atua\u00e7\u00e3o da equipe de Valen\u00e7a nesse momento triste vivido pelos profissionais e pacientes do hospital Justino Luz.<\/p>\n<p>&#8220;A gente fica feliz, satisfeito por ajudar nesse momento com total apoio da nossa diretora que ofereceu esses leitos para essas pessoas&#8221;, frisou a coordenadora do NIR. Ela ainda informou que at\u00e9 o restabelecimento do atendimento no Justino Luz os pacientes em estado grave que chegarem no hospital de Valen\u00e7a ser\u00e3o regulados para Teresina.<\/p>\n<p><strong>A Sesapi emitiu uma nota de esclarecimento <\/strong><\/p>\n<p>A Secretaria de Estado da Sa\u00fade informa que houve um princ\u00edpio de inc\u00eandio na ala B do hospital Justino Luz, em Picos. Em poucos minutos, os bombeiros foram acionados e a situa\u00e7\u00e3o foi controlada. Os pacientes da ala B foram removidos para outras alas do hospital ou para outras estruturas hospitalares. Nenhum paciente ou servidor ficou ferido. A ala B do hospital passar\u00e1 por per\u00edcia, mas o hospital continua funcionando normalmente com cirurgias, UTI e todos os servi\u00e7os de urg\u00eancia e emerg\u00eancia.<a href=\"https:\/\/portalv1.com.br\/app\/wp-content\/uploads\/2024\/01\/imagem_2024-01-18_162347494.png\"><img loading=\"lazy\" decoding=\"async\" class=\"aligncenter size-large wp-image-177185\" src=\"https:\/\/portalv1.com.br\/app\/wp-content\/uploads\/2024\/01\/imagem_2024-01-18_162347494-640x360.png\" alt=\"\" width=\"600\" height=\"338\" srcset=\"https:\/\/portalv1.com.br\/app\/wp-content\/uploads\/2024\/01\/imagem_2024-01-18_162347494-640x360.png 640w, https:\/\/portalv1.com.br\/app\/wp-content\/uploads\/2024\/01\/imagem_2024-01-18_162347494-300x169.png 300w, https:\/\/portalv1.com.br\/app\/wp-content\/uploads\/2024\/01\/imagem_2024-01-18_162347494-768x432.png 768w, https:\/\/portalv1.com.br\/app\/wp-content\/uploads\/2024\/01\/imagem_2024-01-18_162347494.png 1366w\" sizes=\"auto, (max-width: 600px) 100vw, 600px\" \/><\/a><\/p>\n<p><a href=\"https:\/\/portalv1.com.br\/app\/wp-content\/uploads\/2024\/01\/imagem_2024-01-18_162222364.png\"><img loading=\"lazy\" decoding=\"async\" class=\"aligncenter size-large wp-image-177183\" src=\"https:\/\/portalv1.com.br\/app\/wp-content\/uploads\/2024\/01\/imagem_2024-01-18_162222364-640x360.png\" alt=\"\" width=\"600\" height=\"338\" srcset=\"https:\/\/portalv1.com.br\/app\/wp-content\/uploads\/2024\/01\/imagem_2024-01-18_162222364-640x360.png 640w, https:\/\/portalv1.com.br\/app\/wp-content\/uploads\/2024\/01\/imagem_2024-01-18_162222364-300x169.png 300w, https:\/\/portalv1.com.br\/app\/wp-content\/uploads\/2024\/01\/imagem_2024-01-18_162222364-768x432.png 768w, https:\/\/portalv1.com.br\/app\/wp-content\/uploads\/2024\/01\/imagem_2024-01-18_162222364.png 1366w\" sizes=\"auto, (max-width: 600px) 100vw, 600px\" \/><\/a><\/p>\n","protected":false},"excerpt":{"rendered":"<p>Com a not\u00edcia do inc\u00eandio que atingiu a ala B do Hospital Regional Justino Luz de Picos nas primeiras horas desta quinta-feira (18), a dire\u00e7\u00e3o do Hospital Regional Eust\u00e1quio Portela&#8230;<\/p>\n","protected":false},"author":1,"featured_media":177182,"comment_status":"open","ping_status":"open","sticky":false,"template":"","format":"standard","meta":{"ngg_post_thumbnail":0,"footnotes":""},"categories":[243],"tags":[],"class_list":["post-177181","post","type-post","status-publish","format-standard","has-post-thumbnail","hentry","category-geral"],"views":1147,"meta_data":{"thumb":"https:\/\/portalv1.com.br\/app\/wp-content\/uploads\/2024\/01\/hospital-1.jpg","imagem":{"fullsize":{"url":"https:\/\/portalv1.com.br\/app\/wp-content\/uploads\/2024\/01\/hospital-1.jpg","width":1280,"height":720},"medium":{"url":"https:\/\/portalv1.com.br\/app\/wp-content\/uploads\/2024\/01\/hospital-1-300x169.jpg","width":300,"height":169},"large":{"url":"https:\/\/portalv1.com.br\/app\/wp-content\/uploads\/2024\/01\/hospital-1-640x360.jpg","width":640,"height":360},"thumbnail":{"url":"https:\/\/portalv1.com.br\/app\/wp-content\/uploads\/2024\/01\/hospital-1-100x100.jpg","width":100,"height":100},"medium_large":{"url":"https:\/\/portalv1.com.br\/app\/wp-content\/uploads\/2024\/01\/hospital-1-768x432.jpg","width":768,"height":432}},"data":{"simple":"18\/01\/2024","date_time":"18\/01\/2024 13:19:09","date":"h\u00e1 2 anos"},"chapeu":"Nesta quinta-feira ","source":"slide"},"_links":{"self":[{"href":"https:\/\/portalv1.com.br\/api\/wp\/v2\/posts\/177181","targetHints":{"allow":["GET"]}}],"collection":[{"href":"https:\/\/portalv1.com.br\/api\/wp\/v2\/posts"}],"about":[{"href":"https:\/\/portalv1.com.br\/api\/wp\/v2\/types\/post"}],"author":[{"embeddable":true,"href":"https:\/\/portalv1.com.br\/api\/wp\/v2\/users\/1"}],"replies":[{"embeddable":true,"href":"https:\/\/portalv1.com.br\/api\/wp\/v2\/comments?post=177181"}],"version-history":[{"count":0,"href":"https:\/\/portalv1.com.br\/api\/wp\/v2\/posts\/177181\/revisions"}],"wp:featuredmedia":[{"embeddable":true,"href":"https:\/\/portalv1.com.br\/api\/wp\/v2\/media\/177182"}],"wp:attachment":[{"href":"https:\/\/portalv1.com.br\/api\/wp\/v2\/media?parent=177181"}],"wp:term":[{"taxonomy":"category","embeddable":true,"href":"https:\/\/portalv1.com.br\/api\/wp\/v2\/categories?post=177181"},{"taxonomy":"post_tag","embeddable":true,"href":"https:\/\/portalv1.com.br\/api\/wp\/v2\/tags?post=177181"}],"curies":[{"name":"wp","href":"https:\/\/api.w.org\/{rel}","templated":true}]}}