{"id":17721,"date":"2014-03-05T08:33:30","date_gmt":"2014-03-05T11:33:30","guid":{"rendered":"https:\/\/portalv1.com.br\/?p=17721"},"modified":"2014-03-06T11:09:42","modified_gmt":"2014-03-06T14:09:42","slug":"policia-prende-acusados-de-tentar-usar-chupa-cabras-em-banco-de-valenca","status":"publish","type":"post","link":"https:\/\/portalv1.com.br\/policia-prende-acusados-de-tentar-usar-chupa-cabras-em-banco-de-valenca\/","title":{"rendered":"Policia prende acusados de tentar usar chupa cabras em banco de Valen\u00e7a"},"content":{"rendered":"<figure id=\"attachment_15780\" aria-describedby=\"caption-attachment-15780\" style=\"width: 300px\" class=\"wp-caption alignright\"><a href=\"https:\/\/portalv1.com.br\/app\/wp-content\/uploads\/2013\/05\/delegacia.jpg\"><img loading=\"lazy\" decoding=\"async\" class=\"size-medium wp-image-15780\" alt=\"Delegacia Regional de Valen\u00e7a \" src=\"https:\/\/portalv1.com.br\/app\/wp-content\/uploads\/2013\/05\/delegacia-300x225.jpg\" width=\"300\" height=\"225\" srcset=\"https:\/\/portalv1.com.br\/app\/wp-content\/uploads\/2013\/05\/delegacia-300x225.jpg 300w, https:\/\/portalv1.com.br\/app\/wp-content\/uploads\/2013\/05\/delegacia.jpg 613w\" sizes=\"auto, (max-width: 300px) 100vw, 300px\" \/><\/a><figcaption id=\"caption-attachment-15780\" class=\"wp-caption-text\">Delegacia Regional de Valen\u00e7a<\/figcaption><\/figure>\n<p>Policiais militares de Valen\u00e7a do Piau\u00ed prenderam nesta ter\u00e7a-feira (03) Ademir Uchoa e Whidn Sousa acusados de usarem um dispositivo eletr\u00f4nico conhecido por chupa cabras na agencia do Banco do Brasil em Valen\u00e7a para clonar cart\u00f5es de credito dos clientes nos caixas-eletr\u00f4nicos. Segundo informa\u00e7\u00f5es da policia militar uma pessoa ligou para a policia que suspeitou da a\u00e7\u00e3o dos dois homens na ag\u00eancia por volta das 16h desta ter\u00e7a-feira.<\/p>\n<p>Ao chegarem \u00e0 ag\u00eancia, os acusados tentaram destruir papeis que estavam em seu poder que a policia acredita ser senhas de cart\u00f5es. Ao fazerem uma busca no carro dos acusados, a policia militar encontrou muitos cart\u00f5es de creditos e dispositivos eletr\u00f4nicos.<\/p>\n<p>Os dois acusados foram levados para a delegacia, onde nesta quarta-feira (04) devem ser ouvidos pelo delegado regional Maycon Braga. As primeiras informa\u00e7\u00f5es d\u00e3o conta que os acusados s\u00e3o cearenses e que um seria cigano. Segundo a policia, os acusados n\u00e3o chegaram a instalar o equipamento nos caixas eletr\u00f4nicos.<\/p>\n","protected":false},"excerpt":{"rendered":"<p>Policiais militares de Valen\u00e7a do Piau\u00ed prenderam nesta ter\u00e7a-feira (03) Ademir Uchoa e Whidn Sousa acusados de usarem um dispositivo eletr\u00f4nico conhecido por chupa cabras na agencia do Banco do&#8230;<\/p>\n","protected":false},"author":1,"featured_media":0,"comment_status":"open","ping_status":"open","sticky":false,"template":"","format":"standard","meta":{"ngg_post_thumbnail":0,"footnotes":""},"categories":[12],"tags":[],"class_list":["post-17721","post","type-post","status-publish","format-standard","hentry","category-valenca-news"],"views":982,"meta_data":{"thumb":"https:\/\/portalv1.com.br\/app\/wp-content\/uploads\/2013\/05\/delegacia.jpg","data":{"simple":"05\/03\/2014","date_time":"05\/03\/2014 05:33:30","date":"h\u00e1 12 anos"},"chapeu":"A\u00e7\u00e3o policial ","source":"m_destacada"},"_links":{"self":[{"href":"https:\/\/portalv1.com.br\/api\/wp\/v2\/posts\/17721","targetHints":{"allow":["GET"]}}],"collection":[{"href":"https:\/\/portalv1.com.br\/api\/wp\/v2\/posts"}],"about":[{"href":"https:\/\/portalv1.com.br\/api\/wp\/v2\/types\/post"}],"author":[{"embeddable":true,"href":"https:\/\/portalv1.com.br\/api\/wp\/v2\/users\/1"}],"replies":[{"embeddable":true,"href":"https:\/\/portalv1.com.br\/api\/wp\/v2\/comments?post=17721"}],"version-history":[{"count":0,"href":"https:\/\/portalv1.com.br\/api\/wp\/v2\/posts\/17721\/revisions"}],"wp:attachment":[{"href":"https:\/\/portalv1.com.br\/api\/wp\/v2\/media?parent=17721"}],"wp:term":[{"taxonomy":"category","embeddable":true,"href":"https:\/\/portalv1.com.br\/api\/wp\/v2\/categories?post=17721"},{"taxonomy":"post_tag","embeddable":true,"href":"https:\/\/portalv1.com.br\/api\/wp\/v2\/tags?post=17721"}],"curies":[{"name":"wp","href":"https:\/\/api.w.org\/{rel}","templated":true}]}}