{"id":17761,"date":"2014-03-11T15:50:10","date_gmt":"2014-03-11T18:50:10","guid":{"rendered":"https:\/\/portalv1.com.br\/?p=17761"},"modified":"2014-03-14T09:01:53","modified_gmt":"2014-03-14T12:01:53","slug":"internauta-denuncia-precariedade-na-saude-de-valenca-veja-fotos","status":"publish","type":"post","link":"https:\/\/portalv1.com.br\/internauta-denuncia-precariedade-na-saude-de-valenca-veja-fotos\/","title":{"rendered":"Internauta denuncia precariedade na sa\u00fade de Valen\u00e7a. Veja fotos"},"content":{"rendered":"<figure id=\"attachment_17762\" aria-describedby=\"caption-attachment-17762\" style=\"width: 300px\" class=\"wp-caption alignright\"><a href=\"https:\/\/portalv1.com.br\/app\/wp-content\/uploads\/2014\/03\/saude.jpg\"><img loading=\"lazy\" decoding=\"async\" class=\"size-medium wp-image-17762\" alt=\"Falta de condi\u00e7\u00f5es est\u00e3o atrapalhando a execu\u00e7\u00e3o de servi\u00e7os na sa\u00fade de Valen\u00e7a  \" src=\"https:\/\/portalv1.com.br\/app\/wp-content\/uploads\/2014\/03\/saude-300x225.jpg\" width=\"300\" height=\"225\" srcset=\"https:\/\/portalv1.com.br\/app\/wp-content\/uploads\/2014\/03\/saude-300x225.jpg 300w, https:\/\/portalv1.com.br\/app\/wp-content\/uploads\/2014\/03\/saude.jpg 640w\" sizes=\"auto, (max-width: 300px) 100vw, 300px\" \/><\/a><figcaption id=\"caption-attachment-17762\" class=\"wp-caption-text\">Falta de condi\u00e7\u00f5es est\u00e3o atrapalhando a execu\u00e7\u00e3o de servi\u00e7os na sa\u00fade de Valen\u00e7a<\/figcaption><\/figure>\n<p>Internauta envia email para o Portalv1, denunciado que a vigil\u00e2ncia sanit\u00e1ria de Valen\u00e7a est\u00e1 h\u00e1 dois meses sem poder incinerar o lixo hospitalar como agulhas, rem\u00e9dios vencidos por falta de estrutura da secretaria de sa\u00fade. A denuncia afirma que o problema \u00e9 causado pela falta de condi\u00e7\u00f5es da secretaria de sa\u00fade em gerenciar suas demandas.<\/p>\n<p>A falta de condi\u00e7\u00f5es vem acarretando uma serie de problemas que atinge diretamente a popula\u00e7\u00e3o que precisa se utilizar da sa\u00fade municipal. Ainda segundo a denuncia na secret\u00e1ria de sa\u00fade est\u00e1 faltando at\u00e9 carros para as visitas dos profissionais de sa\u00fade, para escoamento do lixo hospitalar, rem\u00e9dios e material de expediente.<\/p>\n<p>De acordo com o internauta que pediu anonimato, o problema n\u00e3o \u00e9 a falta de vontade dos servidores e sim a falta de estrutura que \u00e9 dada pela secretaria municipal de sa\u00fade.<\/p>\n<p><strong><div class=\"ngg-galleryoverview\" data-widget=\"Galeria\" data-props='{&quot;galeria&quot;:{&quot;gallery_id&quot;:1480,&quot;total&quot;:2,&quot;max_page&quot;:1,&quot;page&quot;:1,&quot;images&quot;:[{&quot;pid&quot;:29176,&quot;imageURL&quot;:&quot;https:\\\/\\\/portalv1.com.br\\\/app\\\/wp-content\\\/gallery\\\/saude_1\\\/01.jpg?t=1762997761&quot;,&quot;thumbnailURL&quot;:&quot;https:\\\/\\\/portalv1.com.br\\\/app\\\/wp-content\\\/gallery\\\/saude_1\\\/thumbs\\\/thumbs_01.jpg?t=1762997761&quot;,&quot;description&quot;:&quot; &quot;,&quot;alttext&quot;:&quot;01&quot;,&quot;style&quot;:&quot;&quot;},{&quot;pid&quot;:29177,&quot;imageURL&quot;:&quot;https:\\\/\\\/portalv1.com.br\\\/app\\\/wp-content\\\/gallery\\\/saude_1\\\/02.jpg?t=1762997756&quot;,&quot;thumbnailURL&quot;:&quot;https:\\\/\\\/portalv1.com.br\\\/app\\\/wp-content\\\/gallery\\\/saude_1\\\/thumbs\\\/thumbs_02.jpg?t=1762997756&quot;,&quot;description&quot;:&quot; &quot;,&quot;alttext&quot;:&quot;02&quot;,&quot;style&quot;:&quot;&quot;}]}}'><\/div><\/strong>.<\/p>\n","protected":false},"excerpt":{"rendered":"<p>Internauta envia email para o Portalv1, denunciado que a vigil\u00e2ncia sanit\u00e1ria de Valen\u00e7a est\u00e1 h\u00e1 dois meses sem poder incinerar o lixo hospitalar como agulhas, rem\u00e9dios vencidos por falta de&#8230;<\/p>\n","protected":false},"author":1,"featured_media":0,"comment_status":"open","ping_status":"open","sticky":false,"template":"","format":"standard","meta":{"ngg_post_thumbnail":0,"footnotes":""},"categories":[12],"tags":[],"class_list":["post-17761","post","type-post","status-publish","format-standard","hentry","category-valenca-news"],"views":906,"meta_data":{"thumb":"https:\/\/portalv1.com.br\/app\/wp-content\/uploads\/2014\/03\/saude.jpg","data":{"simple":"11\/03\/2014","date_time":"11\/03\/2014 12:50:10","date":"h\u00e1 12 anos"},"chapeu":"Na UTI","source":"foto_menor"},"_links":{"self":[{"href":"https:\/\/portalv1.com.br\/api\/wp\/v2\/posts\/17761","targetHints":{"allow":["GET"]}}],"collection":[{"href":"https:\/\/portalv1.com.br\/api\/wp\/v2\/posts"}],"about":[{"href":"https:\/\/portalv1.com.br\/api\/wp\/v2\/types\/post"}],"author":[{"embeddable":true,"href":"https:\/\/portalv1.com.br\/api\/wp\/v2\/users\/1"}],"replies":[{"embeddable":true,"href":"https:\/\/portalv1.com.br\/api\/wp\/v2\/comments?post=17761"}],"version-history":[{"count":0,"href":"https:\/\/portalv1.com.br\/api\/wp\/v2\/posts\/17761\/revisions"}],"wp:attachment":[{"href":"https:\/\/portalv1.com.br\/api\/wp\/v2\/media?parent=17761"}],"wp:term":[{"taxonomy":"category","embeddable":true,"href":"https:\/\/portalv1.com.br\/api\/wp\/v2\/categories?post=17761"},{"taxonomy":"post_tag","embeddable":true,"href":"https:\/\/portalv1.com.br\/api\/wp\/v2\/tags?post=17761"}],"curies":[{"name":"wp","href":"https:\/\/api.w.org\/{rel}","templated":true}]}}