{"id":17778,"date":"2014-03-13T19:00:25","date_gmt":"2014-03-13T22:00:25","guid":{"rendered":"https:\/\/portalv1.com.br\/?p=17778"},"modified":"2014-03-13T19:00:25","modified_gmt":"2014-03-13T22:00:25","slug":"empresario-contesta-afirmacao-do-prefeito-walfredo-filho-nota-oficial","status":"publish","type":"post","link":"https:\/\/portalv1.com.br\/empresario-contesta-afirmacao-do-prefeito-walfredo-filho-nota-oficial\/","title":{"rendered":"Empres\u00e1rio contesta afirma\u00e7\u00e3o do prefeito Walfredo Filho. Nota oficial"},"content":{"rendered":"<figure id=\"attachment_7866\" aria-describedby=\"caption-attachment-7866\" style=\"width: 300px\" class=\"wp-caption alignright\"><a href=\"https:\/\/portalv1.com.br\/app\/wp-content\/uploads\/2011\/03\/walfredo-filho.jpg\"><img loading=\"lazy\" decoding=\"async\" class=\"size-full wp-image-7866\" alt=\"Prefeito Walfredo Filho \" src=\"https:\/\/portalv1.com.br\/app\/wp-content\/uploads\/2011\/03\/walfredo-filho.jpg\" width=\"300\" height=\"183\" \/><\/a><figcaption id=\"caption-attachment-7866\" class=\"wp-caption-text\">Prefeito Walfredo Filho<\/figcaption><\/figure>\n<p>O empres\u00e1rio Rafael Moura propriet\u00e1rio da Eletrof\u00e9 LTDA vem a publico contestar as afirma\u00e7\u00f5es do prefeito Walfredo Filho que em entrevista a emissora comunit\u00e1ria de Valen\u00e7a nesta quinta-feira (12) afirmou que as casas que est\u00e3o sendo constru\u00eddas na localidade Tranqueira est\u00e3o paradas devido ao fornecedor de material de constru\u00e7\u00e3o no caso a Eletrof\u00e9 Ltda ser de pequeno porte. Em nota o empres\u00e1rio contesta a afirma\u00e7\u00e3o do prefeito afirmando que o problema \u00e9 por causa da burocracia da Caixa Econ\u00f4mica e n\u00e3o pela falta da empresa respons\u00e1vel pela material. Veja a nota.<\/p>\n<p>A ELETROFE POR MEIO DESTE ESPA\u00c7O CONCEDIDO NESTE VEICULO DE COMUNICA\u00c7\u00c3O VEM TORNAR CONHECIDO DA POPULA\u00c7\u00c3O VALENCIANA E ESPECIFICAMENTE AOS QUILOMBOLAS DA TRANQUEIRA QUE AS 40 CASAS LIBERADAS PELO GOVERNO FEDERAL NO M\u00caS DE SETEMBRO AINDA N\u00c3O ESTAO PRONTAS N\u00c3O POR CAUSA DO FORNECEDOR PELO CONTRARIO O FORNECEDOR JUNTAMENTE COM O MESTRE DE OBRA RECEBERAM RECURSOS PARA CONSTRUIR 16 CASAS E NO ENTANTO J\u00c1 CONSTRUIRAM 20 CASAS E OITO CASAS J\u00c1 BEM INICIADAS.<\/p>\n<p>A VERDADE \u00c9 QUE AS CASAS N\u00c3O EST\u00c3O PRONTAS \u00c9 POR FALTA DE PAGAMENTOS DAS PARCELAS NAS DATAS COMBINADAS E POR CONTA DO N\u00c3O PAGAMENTO DOS PEDREIROS E SERVENTES QUE SE AFASTARAM PELA SEGUNDA VEZ, FICANDO NO CANTEIRO APENAS O MESTRE DE OBRA.<\/p>\n<p>MESMO QUE O MATERIAL ESTIVESSE L\u00c1, OS OPERARIOS N\u00c3O SABEM QUANDO V\u00c3O RECEBER POR ISSO ELES N\u00c3O CONTINUAM, POIS ESSES S\u00c3O PESSOAS POBRES QUE PRECISAM TRABALHAR E RECEBEREM PARA FAZER SUAS COMPRAS DE MANTIMENTOS.<\/p>\n<p>QUEREMOS DEIXAR BEM CLARO QUE A ELETROFE LTDA POR SER DE PEQUENO PORTE COMO FOI MENCIONADO, MAIS N\u00c3O ATRAPALHOU EM NADA NA CONSTRU\u00c7\u00c3O DAS CASAS. PELO CONTRARIO O QUE SE TEM VISTO E TESTEMUNHADO POR TODOS \u00c9 AGILIDADE DA ENTREGA RAPIDA QUE O SR RAFAEL TEM FEITO SEM MEDIR ESFOR\u00c7OS, HORAS, CHUVAS EM FIM.<\/p>\n<p>OUTRO PONTO QUE PRECISAMOS EXTERNAR AS PESSOAS \u00c9 QUE A CAIXA N\u00c3O CONTRATOU CONSTRUTORA E SIM CONTRATARAM A PROPRIA FUNDA\u00c7\u00c3O DOS QUILOMBOLAS PARA ADMINISTRAR E CONSTRUIR AS 40 CASAS. E A N\u00c3O FABRICA\u00c7\u00c3O DESSAS CASAS \u00c9 RESPONSABILIDADE RECAI SOBRE A FUNDA\u00c7\u00c3O DOS QUILOMBOLAS E \u00c9 POR ISSO QUE PEDIMOS OS ASSOCIADOS QUE FISCALIZE QUE COBRE DA FUNDA\u00c7\u00c3O, POIS ESSA RESPONSABILIDADE \u00c9 DE VOCES.<\/p>\n<p>OUTRO PONTO QUE PRECISAMOS INFORMAR \u00c9 QUE A CAIXA N\u00c3O AUTORIZA CONSTRUIR ANTECIPADAMENTE POR ASSIM DIZER COM RECURSOS PROPRIOS, N\u00c3O, A CAIXA S\u00d3 AUTORIZA MEDIANTE LIBERA\u00c7\u00c3O DE PARCELAS.<\/p>\n<p>A ELETROF\u00c9 ENCERRA DIZENDO AOS MORADORES QUILOMBOLAS QUE AT\u00c9 O PRESENTE MOMENTO N\u00c3O REGISTRA FALTA DE COMPROMISSO OU TAREFA QUE DEIXAMOS DE REALIZAR. A CULPA QUE EST\u00c3O DIZENDO POR AI, \u00c9 A BUROCRACIA DA CAIXA, OU SEJA, N\u00c3O ACHAMOS AINDA AQUEM CULPAR POR ENQUANTO \u00c9 A BUROCRACIA DA CAIXA.<\/p>\n<p>&nbsp;<\/p>\n<p align=\"right\">RAFAEL DE MOURA F\u00c9 NETO<\/p>\n<p align=\"right\">LOJAS ELETROF\u00c9<\/p>\n","protected":false},"excerpt":{"rendered":"<p>O empres\u00e1rio Rafael Moura propriet\u00e1rio da Eletrof\u00e9 LTDA vem a publico contestar as afirma\u00e7\u00f5es do prefeito Walfredo Filho que em entrevista a emissora comunit\u00e1ria de Valen\u00e7a nesta quinta-feira (12) afirmou&#8230;<\/p>\n","protected":false},"author":1,"featured_media":0,"comment_status":"open","ping_status":"open","sticky":false,"template":"","format":"standard","meta":{"ngg_post_thumbnail":0,"footnotes":""},"categories":[12],"tags":[],"class_list":["post-17778","post","type-post","status-publish","format-standard","hentry","category-valenca-news"],"views":1249,"meta_data":{"thumb":"https:\/\/portalv1.com.br\/app\/wp-content\/uploads\/2011\/03\/walfredo-filho.jpg","data":{"simple":"13\/03\/2014","date_time":"13\/03\/2014 16:00:25","date":"h\u00e1 12 anos"},"chapeu":"Saiba mais ","source":"slide"},"_links":{"self":[{"href":"https:\/\/portalv1.com.br\/api\/wp\/v2\/posts\/17778","targetHints":{"allow":["GET"]}}],"collection":[{"href":"https:\/\/portalv1.com.br\/api\/wp\/v2\/posts"}],"about":[{"href":"https:\/\/portalv1.com.br\/api\/wp\/v2\/types\/post"}],"author":[{"embeddable":true,"href":"https:\/\/portalv1.com.br\/api\/wp\/v2\/users\/1"}],"replies":[{"embeddable":true,"href":"https:\/\/portalv1.com.br\/api\/wp\/v2\/comments?post=17778"}],"version-history":[{"count":0,"href":"https:\/\/portalv1.com.br\/api\/wp\/v2\/posts\/17778\/revisions"}],"wp:attachment":[{"href":"https:\/\/portalv1.com.br\/api\/wp\/v2\/media?parent=17778"}],"wp:term":[{"taxonomy":"category","embeddable":true,"href":"https:\/\/portalv1.com.br\/api\/wp\/v2\/categories?post=17778"},{"taxonomy":"post_tag","embeddable":true,"href":"https:\/\/portalv1.com.br\/api\/wp\/v2\/tags?post=17778"}],"curies":[{"name":"wp","href":"https:\/\/api.w.org\/{rel}","templated":true}]}}