{"id":17784,"date":"2014-03-16T00:58:27","date_gmt":"2014-03-16T03:58:27","guid":{"rendered":"https:\/\/portalv1.com.br\/?p=17784"},"modified":"2014-03-17T12:02:37","modified_gmt":"2014-03-17T15:02:37","slug":"valenca-de-luto-morre-araujo-dentista-e-a-senhora-zuleide-alves","status":"publish","type":"post","link":"https:\/\/portalv1.com.br\/valenca-de-luto-morre-araujo-dentista-e-a-senhora-zuleide-alves\/","title":{"rendered":"Valen\u00e7a de luto: Morre Ara\u00fajo Dentista e a senhora Zuleide Alves"},"content":{"rendered":"<p><a href=\"https:\/\/portalv1.com.br\/app\/wp-content\/uploads\/2014\/03\/luto.jpg\"><img loading=\"lazy\" decoding=\"async\" class=\"alignright  wp-image-17790\" alt=\"luto\" src=\"https:\/\/portalv1.com.br\/app\/wp-content\/uploads\/2014\/03\/luto.jpg\" width=\"425\" height=\"300\" \/><\/a>A cidade de Valen\u00e7a perdeu neste s\u00e1bado, 15 de mar\u00e7o duas pessoas integras e honradas. Trata-se do prot\u00e9tico Ara\u00fajo Dentista e a senhora Zuleide Alves. Araujo Dentista ou Arlindo Sarmento de Araujo Costa faleceu ap\u00f3s ter sido internado no Hospital S\u00e3o Paulo com quadro de infec\u00e7\u00e3o generalizada na madrugada de quinta para sexta-feira e ter sido submetido a tratamento de urg\u00eancia n\u00e3o obtendo \u00eaxito em sua recupera\u00e7\u00e3o. Cidad\u00e3o ativo na vida pol\u00edtica valenciana Ara\u00fajo Dentista disputou a elei\u00e7\u00e3o para vereador no munic\u00edpio sem lograr \u00eaxito, mais sua contribui\u00e7\u00e3o foi reconhecida pelo parlamento municipal com a indica\u00e7\u00e3o de titulo de cidadania valenciana.\u00a0O corpo ser\u00e1 velado e sepultado na capital Teresina.<\/p>\n<p>A senhora Zuleide Alves tamb\u00e9m faleceu na capital Teresina, ap\u00f3s se submeter a uma opera\u00e7\u00e3o na cabe\u00e7a. De acordo com seu filho Ivanilson Alves ou Gordinho como \u00e9 mais conhecido, o corpo de sua m\u00e3e chegar\u00e1 na madrugada deste domingo a Valen\u00e7a onde ser\u00e1 velado em sua resid\u00eancia na Rua Coronel An\u00edbal Martins e posteriormente sepultada no cemit\u00e9rio local. Matriarca da fam\u00edlia Pernambucana ela deixa filhos, netos e muitos amigos.<\/p>\n","protected":false},"excerpt":{"rendered":"<p>A cidade de Valen\u00e7a perdeu neste s\u00e1bado, 15 de mar\u00e7o duas pessoas integras e honradas. Trata-se do prot\u00e9tico Ara\u00fajo Dentista e a senhora Zuleide Alves. Araujo Dentista ou Arlindo Sarmento&#8230;<\/p>\n","protected":false},"author":1,"featured_media":0,"comment_status":"open","ping_status":"open","sticky":false,"template":"","format":"standard","meta":{"ngg_post_thumbnail":0,"footnotes":""},"categories":[12],"tags":[],"class_list":["post-17784","post","type-post","status-publish","format-standard","hentry","category-valenca-news"],"views":1784,"meta_data":{"thumb":"https:\/\/portalv1.com.br\/app\/wp-content\/uploads\/2012\/10\/vista-valenca.jpg","data":{"simple":"15\/03\/2014","date_time":"15\/03\/2014 21:58:27","date":"h\u00e1 12 anos"},"chapeu":"Luto","source":"foto_menor"},"_links":{"self":[{"href":"https:\/\/portalv1.com.br\/api\/wp\/v2\/posts\/17784","targetHints":{"allow":["GET"]}}],"collection":[{"href":"https:\/\/portalv1.com.br\/api\/wp\/v2\/posts"}],"about":[{"href":"https:\/\/portalv1.com.br\/api\/wp\/v2\/types\/post"}],"author":[{"embeddable":true,"href":"https:\/\/portalv1.com.br\/api\/wp\/v2\/users\/1"}],"replies":[{"embeddable":true,"href":"https:\/\/portalv1.com.br\/api\/wp\/v2\/comments?post=17784"}],"version-history":[{"count":0,"href":"https:\/\/portalv1.com.br\/api\/wp\/v2\/posts\/17784\/revisions"}],"wp:attachment":[{"href":"https:\/\/portalv1.com.br\/api\/wp\/v2\/media?parent=17784"}],"wp:term":[{"taxonomy":"category","embeddable":true,"href":"https:\/\/portalv1.com.br\/api\/wp\/v2\/categories?post=17784"},{"taxonomy":"post_tag","embeddable":true,"href":"https:\/\/portalv1.com.br\/api\/wp\/v2\/tags?post=17784"}],"curies":[{"name":"wp","href":"https:\/\/api.w.org\/{rel}","templated":true}]}}