{"id":17920,"date":"2014-04-03T23:35:01","date_gmt":"2014-04-04T02:35:01","guid":{"rendered":"https:\/\/portalv1.com.br\/?p=17920"},"modified":"2014-04-03T23:35:01","modified_gmt":"2014-04-04T02:35:01","slug":"1a-feira-regional-de-negocios-de-valenca-comeca-hoje-detalhes","status":"publish","type":"post","link":"https:\/\/portalv1.com.br\/1a-feira-regional-de-negocios-de-valenca-comeca-hoje-detalhes\/","title":{"rendered":"1\u00aa Feira Regional de Neg\u00f3cios de Valen\u00e7a come\u00e7a hoje. Detalhes"},"content":{"rendered":"<p><a href=\"https:\/\/portalv1.com.br\/app\/wp-content\/uploads\/2014\/04\/portalv1-005.jpg\"><img loading=\"lazy\" decoding=\"async\" class=\"alignright size-medium wp-image-17921\" alt=\"portalv1-005\" src=\"https:\/\/portalv1.com.br\/app\/wp-content\/uploads\/2014\/04\/portalv1-005-300x224.jpg\" width=\"300\" height=\"224\" srcset=\"https:\/\/portalv1.com.br\/app\/wp-content\/uploads\/2014\/04\/portalv1-005-300x224.jpg 300w, https:\/\/portalv1.com.br\/app\/wp-content\/uploads\/2014\/04\/portalv1-005.jpg 640w\" sizes=\"auto, (max-width: 300px) 100vw, 300px\" \/><\/a>Come\u00e7a nesta sexta-feira (04), a 1\u00aa Feira Regional de Neg\u00f3cios de Valen\u00e7a o evento ser\u00e1 realizado no Centro de Lazer do Morada Nova na Fazenda Alto Bonito com muitas novidades. Na feira haver\u00e1 exposi\u00e7\u00e3o de animais, maquinas agr\u00edcolas e a Pega do Boi no Mato.<\/p>\n<p>A programa\u00e7\u00e3o come\u00e7a as 19h desta sexta-feira com a ben\u00e7\u00e3o das instala\u00e7\u00f5es seguido da abertura oficial e festa dan\u00e7ante.<\/p>\n<p>No s\u00e1bado, a programa\u00e7\u00e3o come\u00e7a \u00e0s 08h da manha com a abertura dos stands e palestras realizadas pelo SEBRAE para micros e pequenos produtores. A noite festa dan\u00e7ante com artistas da terra.<\/p>\n<p>A pega do boi no mato que distribuir\u00e1 R$ 4 mil reais ser\u00e1 realizada \u00e0s 13h do domingo. A organiza\u00e7\u00e3o do evento ficar\u00e1 a cargo do Gryllo Publicidade, Sebasti\u00e3o Oliveira, Cleiton Cear\u00e1 e Z\u00e9 Adelino.<\/p>\n","protected":false},"excerpt":{"rendered":"<p>Come\u00e7a nesta sexta-feira (04), a 1\u00aa Feira Regional de Neg\u00f3cios de Valen\u00e7a o evento ser\u00e1 realizado no Centro de Lazer do Morada Nova na Fazenda Alto Bonito com muitas novidades&#8230;.<\/p>\n","protected":false},"author":1,"featured_media":0,"comment_status":"open","ping_status":"open","sticky":false,"template":"","format":"standard","meta":{"ngg_post_thumbnail":0,"footnotes":""},"categories":[12],"tags":[],"class_list":["post-17920","post","type-post","status-publish","format-standard","hentry","category-valenca-news"],"views":896,"meta_data":{"thumb":"https:\/\/portalv1.com.br\/app\/wp-content\/uploads\/2014\/04\/portalv1-005.jpg","data":{"simple":"03\/04\/2014","date_time":"03\/04\/2014 20:35:01","date":"h\u00e1 12 anos"},"chapeu":"Neste final de semana","source":"slide"},"_links":{"self":[{"href":"https:\/\/portalv1.com.br\/api\/wp\/v2\/posts\/17920","targetHints":{"allow":["GET"]}}],"collection":[{"href":"https:\/\/portalv1.com.br\/api\/wp\/v2\/posts"}],"about":[{"href":"https:\/\/portalv1.com.br\/api\/wp\/v2\/types\/post"}],"author":[{"embeddable":true,"href":"https:\/\/portalv1.com.br\/api\/wp\/v2\/users\/1"}],"replies":[{"embeddable":true,"href":"https:\/\/portalv1.com.br\/api\/wp\/v2\/comments?post=17920"}],"version-history":[{"count":0,"href":"https:\/\/portalv1.com.br\/api\/wp\/v2\/posts\/17920\/revisions"}],"wp:attachment":[{"href":"https:\/\/portalv1.com.br\/api\/wp\/v2\/media?parent=17920"}],"wp:term":[{"taxonomy":"category","embeddable":true,"href":"https:\/\/portalv1.com.br\/api\/wp\/v2\/categories?post=17920"},{"taxonomy":"post_tag","embeddable":true,"href":"https:\/\/portalv1.com.br\/api\/wp\/v2\/tags?post=17920"}],"curies":[{"name":"wp","href":"https:\/\/api.w.org\/{rel}","templated":true}]}}