{"id":17966,"date":"2014-04-11T08:48:13","date_gmt":"2014-04-11T11:48:13","guid":{"rendered":"https:\/\/portalv1.com.br\/?p=17966"},"modified":"2014-05-02T07:49:10","modified_gmt":"2014-05-02T10:49:10","slug":"jornal-folha-valencana-realiza-a-festa-do-trabalhador-programacao","status":"publish","type":"post","link":"https:\/\/portalv1.com.br\/jornal-folha-valencana-realiza-a-festa-do-trabalhador-programacao\/","title":{"rendered":"Jornal Folha Valen\u00e7ana realiza a Festa do Trabalhador. Programa\u00e7\u00e3o"},"content":{"rendered":"<p><a href=\"https:\/\/portalv1.com.br\/app\/wp-content\/uploads\/2014\/04\/trabalhador.jpg\"><img loading=\"lazy\" decoding=\"async\" class=\"alignright size-medium wp-image-17967\" src=\"https:\/\/portalv1.com.br\/app\/wp-content\/uploads\/2014\/04\/trabalhador-300x225.jpg\" alt=\"trabalhador\" width=\"300\" height=\"225\" srcset=\"https:\/\/portalv1.com.br\/app\/wp-content\/uploads\/2014\/04\/trabalhador-300x225.jpg 300w, https:\/\/portalv1.com.br\/app\/wp-content\/uploads\/2014\/04\/trabalhador.jpg 640w\" sizes=\"auto, (max-width: 300px) 100vw, 300px\" \/><\/a>O Jornal Folha Valen\u00e7ana ir\u00e1 realizar pelo s\u00e9timo ano consecutivo a Festa do Trabalhador. Esse ano o evento acontece no Centro de Lazer do Morada Nova na Fazenda Alto Bonito com a anima\u00e7\u00e3o de Cheiro da Terra e BB Sanfoneiro. A programa\u00e7\u00e3o come\u00e7a \u00e0s 10h da manha com outras atra\u00e7\u00f5es e distribui\u00e7\u00e3o de presentes. A expectativa da organiza\u00e7\u00e3o \u00e9 que a festa receba um grande publico para comemorar o Dia do Trabalhador em Valen\u00e7a.<\/p>\n","protected":false},"excerpt":{"rendered":"<p>O Jornal Folha Valen\u00e7ana ir\u00e1 realizar pelo s\u00e9timo ano consecutivo a Festa do Trabalhador. Esse ano o evento acontece no Centro de Lazer do Morada Nova na Fazenda Alto Bonito&#8230;<\/p>\n","protected":false},"author":1,"featured_media":0,"comment_status":"open","ping_status":"open","sticky":false,"template":"","format":"standard","meta":{"ngg_post_thumbnail":0,"footnotes":""},"categories":[12],"tags":[],"class_list":["post-17966","post","type-post","status-publish","format-standard","hentry","category-valenca-news"],"views":602,"meta_data":{"thumb":"https:\/\/portalv1.com.br\/app\/wp-content\/uploads\/2014\/04\/trabalhador.jpg","data":{"simple":"11\/04\/2014","date_time":"11\/04\/2014 05:48:13","date":"h\u00e1 12 anos"},"chapeu":"1\u00ba de maio","source":"retirar"},"_links":{"self":[{"href":"https:\/\/portalv1.com.br\/api\/wp\/v2\/posts\/17966","targetHints":{"allow":["GET"]}}],"collection":[{"href":"https:\/\/portalv1.com.br\/api\/wp\/v2\/posts"}],"about":[{"href":"https:\/\/portalv1.com.br\/api\/wp\/v2\/types\/post"}],"author":[{"embeddable":true,"href":"https:\/\/portalv1.com.br\/api\/wp\/v2\/users\/1"}],"replies":[{"embeddable":true,"href":"https:\/\/portalv1.com.br\/api\/wp\/v2\/comments?post=17966"}],"version-history":[{"count":0,"href":"https:\/\/portalv1.com.br\/api\/wp\/v2\/posts\/17966\/revisions"}],"wp:attachment":[{"href":"https:\/\/portalv1.com.br\/api\/wp\/v2\/media?parent=17966"}],"wp:term":[{"taxonomy":"category","embeddable":true,"href":"https:\/\/portalv1.com.br\/api\/wp\/v2\/categories?post=17966"},{"taxonomy":"post_tag","embeddable":true,"href":"https:\/\/portalv1.com.br\/api\/wp\/v2\/tags?post=17966"}],"curies":[{"name":"wp","href":"https:\/\/api.w.org\/{rel}","templated":true}]}}