{"id":18038,"date":"2014-04-23T15:35:17","date_gmt":"2014-04-23T18:35:17","guid":{"rendered":"https:\/\/portalv1.com.br\/?p=18038"},"modified":"2014-04-26T23:34:31","modified_gmt":"2014-04-27T02:34:31","slug":"encontro-ouvindo-o-piaui-chega-a-valenca-neste-sabado","status":"publish","type":"post","link":"https:\/\/portalv1.com.br\/encontro-ouvindo-o-piaui-chega-a-valenca-neste-sabado\/","title":{"rendered":"Encontro \u201cOuvindo o Piau\u00ed\u201d chega a Valen\u00e7a neste s\u00e1bado"},"content":{"rendered":"<figure id=\"attachment_18039\" aria-describedby=\"caption-attachment-18039\" style=\"width: 300px\" class=\"wp-caption alignright\"><a href=\"https:\/\/portalv1.com.br\/app\/wp-content\/uploads\/2014\/04\/silvio-mendes.jpg\"><img loading=\"lazy\" decoding=\"async\" class=\"size-medium wp-image-18039\" src=\"https:\/\/portalv1.com.br\/app\/wp-content\/uploads\/2014\/04\/silvio-mendes-300x199.jpg\" alt=\"O encontro percorre o Piau\u00ed para discutir as potencialidades de cada regi\u00e3o \" width=\"300\" height=\"199\" srcset=\"https:\/\/portalv1.com.br\/app\/wp-content\/uploads\/2014\/04\/silvio-mendes-300x199.jpg 300w, https:\/\/portalv1.com.br\/app\/wp-content\/uploads\/2014\/04\/silvio-mendes.jpg 600w\" sizes=\"auto, (max-width: 300px) 100vw, 300px\" \/><\/a><figcaption id=\"caption-attachment-18039\" class=\"wp-caption-text\">O encontro percorre o Piau\u00ed para discutir as potencialidades de cada regi\u00e3o<\/figcaption><\/figure>\n<p>Sa\u00fade, educa\u00e7\u00e3o, seguran\u00e7a e desenvolvimento s\u00f3cio-econ\u00f4mico ser\u00e3o alguns dos temas que ser\u00e3o debatidos no encontro \u201cOuvindo o Piau\u00ed\u201d neste s\u00e1bado (26) das 09h \u00e0s 13h no Audit\u00f3rio do Sindicato dos Trabalhadores Rurais em Valen\u00e7a. O encontro que tem a frente os pr\u00e9-candidatos ao governo do estado Marcelo Castro e Silvio Mendes vem percorrendo o estado e tem por objetivo inicial conhecer as potencialidades das regi\u00f5es para formatar um eventual plano de a\u00e7\u00e3o governamental. O convite \u00e9 aberto \u00e0s cidades da regi\u00e3o valenciana.<\/p>\n<p><a href=\"https:\/\/portalv1.com.br\/app\/wp-content\/uploads\/2014\/04\/CLIQUE-AQUI-E-VEJA-PROGRAMACAO.pdf\">CLIQUE AQUI E VEJA PROGRAMA\u00c7\u00c3O<\/a><\/p>\n","protected":false},"excerpt":{"rendered":"<p>Sa\u00fade, educa\u00e7\u00e3o, seguran\u00e7a e desenvolvimento s\u00f3cio-econ\u00f4mico ser\u00e3o alguns dos temas que ser\u00e3o debatidos no encontro \u201cOuvindo o Piau\u00ed\u201d neste s\u00e1bado (26) das 09h \u00e0s 13h no Audit\u00f3rio do Sindicato dos&#8230;<\/p>\n","protected":false},"author":1,"featured_media":0,"comment_status":"open","ping_status":"open","sticky":false,"template":"","format":"standard","meta":{"ngg_post_thumbnail":0,"footnotes":""},"categories":[12],"tags":[],"class_list":["post-18038","post","type-post","status-publish","format-standard","hentry","category-valenca-news"],"views":593,"meta_data":{"thumb":"https:\/\/portalv1.com.br\/app\/wp-content\/uploads\/2014\/04\/silvio-mendes.jpg","data":{"simple":"23\/04\/2014","date_time":"23\/04\/2014 12:35:17","date":"h\u00e1 12 anos"},"chapeu":"Neste Sabado","source":"retirar"},"_links":{"self":[{"href":"https:\/\/portalv1.com.br\/api\/wp\/v2\/posts\/18038","targetHints":{"allow":["GET"]}}],"collection":[{"href":"https:\/\/portalv1.com.br\/api\/wp\/v2\/posts"}],"about":[{"href":"https:\/\/portalv1.com.br\/api\/wp\/v2\/types\/post"}],"author":[{"embeddable":true,"href":"https:\/\/portalv1.com.br\/api\/wp\/v2\/users\/1"}],"replies":[{"embeddable":true,"href":"https:\/\/portalv1.com.br\/api\/wp\/v2\/comments?post=18038"}],"version-history":[{"count":0,"href":"https:\/\/portalv1.com.br\/api\/wp\/v2\/posts\/18038\/revisions"}],"wp:attachment":[{"href":"https:\/\/portalv1.com.br\/api\/wp\/v2\/media?parent=18038"}],"wp:term":[{"taxonomy":"category","embeddable":true,"href":"https:\/\/portalv1.com.br\/api\/wp\/v2\/categories?post=18038"},{"taxonomy":"post_tag","embeddable":true,"href":"https:\/\/portalv1.com.br\/api\/wp\/v2\/tags?post=18038"}],"curies":[{"name":"wp","href":"https:\/\/api.w.org\/{rel}","templated":true}]}}