{"id":180383,"date":"2024-01-23T11:36:36","date_gmt":"2024-01-23T14:36:36","guid":{"rendered":"https:\/\/portalv1.com.br\/?p=180383"},"modified":"2024-01-23T11:37:26","modified_gmt":"2024-01-23T14:37:26","slug":"lagoa-do-sitio-vai-realizar-culto-em-acao-de-gracas-pelos-30-anos-de-emancipacao-politica","status":"publish","type":"post","link":"https:\/\/portalv1.com.br\/lagoa-do-sitio-vai-realizar-culto-em-acao-de-gracas-pelos-30-anos-de-emancipacao-politica\/","title":{"rendered":"Lagoa do S\u00edtio vai realizar Culto em A\u00e7\u00e3o de Gra\u00e7as pelos 30 anos de emancipa\u00e7\u00e3o pol\u00edtica"},"content":{"rendered":"<p>A Prefeitura Municipal de Lagoa do S\u00edtio vai realizar nesta quinta-feira (25), um Culto em A\u00e7\u00e3o de Gra\u00e7as dentro da sua programa\u00e7\u00e3o de anivers\u00e1rio de emancipa\u00e7\u00e3o pol\u00edtica. O evento vai acontecer no gin\u00e1sio poliesportivo, a partir das 19h.<\/p>\n<p>Estar\u00e3o participando dessa noite de comemora\u00e7\u00e3o dos 30 anos de Lagoa do S\u00edtio, o preletor Pr. Mois\u00e9s Ara\u00fajo e os cantores gospel Lanny Sophya, Jennifer Moura, Francisco Geraldo e banda, e Tony e Gleyci.<a href=\"https:\/\/portalv1.com.br\/app\/wp-content\/uploads\/2024\/01\/WhatsApp-Image-2024-01-23-at-08.18.18.jpeg\"><img loading=\"lazy\" decoding=\"async\" class=\"aligncenter size-large wp-image-180384\" src=\"https:\/\/portalv1.com.br\/app\/wp-content\/uploads\/2024\/01\/WhatsApp-Image-2024-01-23-at-08.18.18-640x1138.jpeg\" alt=\"\" width=\"600\" height=\"1067\" srcset=\"https:\/\/portalv1.com.br\/app\/wp-content\/uploads\/2024\/01\/WhatsApp-Image-2024-01-23-at-08.18.18-640x1138.jpeg 640w, https:\/\/portalv1.com.br\/app\/wp-content\/uploads\/2024\/01\/WhatsApp-Image-2024-01-23-at-08.18.18-300x533.jpeg 300w, https:\/\/portalv1.com.br\/app\/wp-content\/uploads\/2024\/01\/WhatsApp-Image-2024-01-23-at-08.18.18.jpeg 720w\" sizes=\"auto, (max-width: 600px) 100vw, 600px\" \/><\/a><\/p>\n","protected":false},"excerpt":{"rendered":"<p>A Prefeitura Municipal de Lagoa do S\u00edtio vai realizar nesta quinta-feira (25), um Culto em A\u00e7\u00e3o de Gra\u00e7as dentro da sua programa\u00e7\u00e3o de anivers\u00e1rio de emancipa\u00e7\u00e3o pol\u00edtica. O evento vai&#8230;<\/p>\n","protected":false},"author":1,"featured_media":180384,"comment_status":"open","ping_status":"open","sticky":false,"template":"","format":"standard","meta":{"ngg_post_thumbnail":0,"footnotes":""},"categories":[243],"tags":[],"class_list":["post-180383","post","type-post","status-publish","format-standard","has-post-thumbnail","hentry","category-geral"],"views":213,"meta_data":{"thumb":"https:\/\/portalv1.com.br\/app\/wp-content\/uploads\/2024\/01\/WhatsApp-Image-2024-01-23-at-08.18.18.jpeg","imagem":{"fullsize":{"url":"https:\/\/portalv1.com.br\/app\/wp-content\/uploads\/2024\/01\/WhatsApp-Image-2024-01-23-at-08.18.18.jpeg","width":720,"height":1280},"medium":{"url":"https:\/\/portalv1.com.br\/app\/wp-content\/uploads\/2024\/01\/WhatsApp-Image-2024-01-23-at-08.18.18-300x533.jpeg","width":300,"height":533},"large":{"url":"https:\/\/portalv1.com.br\/app\/wp-content\/uploads\/2024\/01\/WhatsApp-Image-2024-01-23-at-08.18.18-640x1138.jpeg","width":640,"height":1138},"thumbnail":{"url":"https:\/\/portalv1.com.br\/app\/wp-content\/uploads\/2024\/01\/WhatsApp-Image-2024-01-23-at-08.18.18-100x100.jpeg","width":100,"height":100}},"data":{"simple":"23\/01\/2024","date_time":"23\/01\/2024 08:36:36","date":"h\u00e1 2 anos"},"chapeu":"Veja atra\u00e7\u00f5es","source":"slide"},"_links":{"self":[{"href":"https:\/\/portalv1.com.br\/api\/wp\/v2\/posts\/180383","targetHints":{"allow":["GET"]}}],"collection":[{"href":"https:\/\/portalv1.com.br\/api\/wp\/v2\/posts"}],"about":[{"href":"https:\/\/portalv1.com.br\/api\/wp\/v2\/types\/post"}],"author":[{"embeddable":true,"href":"https:\/\/portalv1.com.br\/api\/wp\/v2\/users\/1"}],"replies":[{"embeddable":true,"href":"https:\/\/portalv1.com.br\/api\/wp\/v2\/comments?post=180383"}],"version-history":[{"count":0,"href":"https:\/\/portalv1.com.br\/api\/wp\/v2\/posts\/180383\/revisions"}],"wp:featuredmedia":[{"embeddable":true,"href":"https:\/\/portalv1.com.br\/api\/wp\/v2\/media\/180384"}],"wp:attachment":[{"href":"https:\/\/portalv1.com.br\/api\/wp\/v2\/media?parent=180383"}],"wp:term":[{"taxonomy":"category","embeddable":true,"href":"https:\/\/portalv1.com.br\/api\/wp\/v2\/categories?post=180383"},{"taxonomy":"post_tag","embeddable":true,"href":"https:\/\/portalv1.com.br\/api\/wp\/v2\/tags?post=180383"}],"curies":[{"name":"wp","href":"https:\/\/api.w.org\/{rel}","templated":true}]}}