{"id":18045,"date":"2014-04-25T08:59:32","date_gmt":"2014-04-25T11:59:32","guid":{"rendered":"https:\/\/portalv1.com.br\/?p=18045"},"modified":"2014-04-26T23:33:54","modified_gmt":"2014-04-27T02:33:54","slug":"tudo-pronto-para-o-seminario-drogas-por-que","status":"publish","type":"post","link":"https:\/\/portalv1.com.br\/tudo-pronto-para-o-seminario-drogas-por-que\/","title":{"rendered":"Tudo pronto para o Semin\u00e1rio \u201cDROGAS POR QU\u00ca?"},"content":{"rendered":"<figure id=\"attachment_18046\" aria-describedby=\"caption-attachment-18046\" style=\"width: 300px\" class=\"wp-caption alignright\"><a href=\"https:\/\/portalv1.com.br\/app\/wp-content\/uploads\/2014\/04\/getulio-gomes.jpg\"><img loading=\"lazy\" decoding=\"async\" class=\"size-medium wp-image-18046\" src=\"https:\/\/portalv1.com.br\/app\/wp-content\/uploads\/2014\/04\/getulio-gomes-300x300.jpg\" alt=\"Vereador Getulio Gomes\" width=\"300\" height=\"300\" srcset=\"https:\/\/portalv1.com.br\/app\/wp-content\/uploads\/2014\/04\/getulio-gomes-300x300.jpg 300w, https:\/\/portalv1.com.br\/app\/wp-content\/uploads\/2014\/04\/getulio-gomes-100x100.jpg 100w, https:\/\/portalv1.com.br\/app\/wp-content\/uploads\/2014\/04\/getulio-gomes.jpg 526w\" sizes=\"auto, (max-width: 300px) 100vw, 300px\" \/><\/a><figcaption id=\"caption-attachment-18046\" class=\"wp-caption-text\">Vereador Getulio Gomes<\/figcaption><\/figure>\n<p>O material para a realiza\u00e7\u00e3o do Semin\u00e1rio \u201cDROGAS POR QU\u00ca? DESAFIOS PARA A EDUCA\u00c7\u00c3O\u201d j\u00e1 chegaram em Valen\u00e7a. O evento acontece neste s\u00e1bado, 26 de abril, \u00e0s 08h, no audit\u00f3rio do Col\u00e9gio Santo Ant\u00f4nio. O semin\u00e1rio \u00e9 realizado pela Funda\u00e7\u00e3o Milton Campos ligado ao Partido Progressista (PP) e vem acontecendo em varias cidades piauienses. Em Valen\u00e7a o semin\u00e1rio tem como coordenador o vereador Get\u00falio Gomes, presidente do diret\u00f3rio municipal do PP.<\/p>\n<p>O semin\u00e1rio tem por objetivo discutir e repassar experi\u00eancias sobre o combate as drogas com ONGs, educadores e entidades ligadas ao combate das drogas em nossa sociedade.<\/p>\n<p>Segundo a organiza\u00e7\u00e3o mais de 300 inscri\u00e7\u00f5es na foram realizadas at\u00e9 o momento. A deputada federal Iracema Portela confirmou sua presen\u00e7a em Valen\u00e7a durante o semin\u00e1rio. As inscri\u00e7\u00f5es s\u00e3o gratuitas e ao final do semin\u00e1rio ser\u00e3o distribu\u00eddos certificados.<\/p>\n<p><strong>Confira os curr\u00edculos dos palestrantes<\/strong><\/p>\n<p>Aur\u00e9lio de Souza<br \/>\nPsic\u00f3logo Cl\u00ednico. P\u00f3s-Graduado em Farmacodepend\u00eancias \u2013 EPM \/ UNIFESP (Escola Paulista de Medicina), P\u00f3s-Graduado Cl\u00ednica Psicanal\u00edtica, Gradua\u00e7\u00e3o em Psicologia Cl\u00ednica. Supervisor Cl\u00ednico na P\u00f3s-Gradua\u00e7\u00e3o do PROAD (Programa de Orienta\u00e7\u00e3o e Atendimento a Dependentes do Departamento de Psiquiatria da EPM \/ UNIFESP (2007 \u00e0 2009), Psic\u00f3logo Cl\u00ednico no Hospital Estadual de Diadema \u2013 Unidade de Psiquiatria e Consultor em Sa\u00fade do Trabalhador na \u00e1rea da Sa\u00fade Mental.<\/p>\n<p>Isabel Costa<br \/>\nEducadora formada pela Faculdade de Educa\u00e7\u00e3o da USP. Consultora, autora e co-autora de livros did\u00e1ticos, manuais e materiais s\u00f3cio-educativos. Capacitadora em oficinas sobre: sexualidade, preven\u00e7\u00e3o ao uso indevido de droga, masculinidades e g\u00eanero. Formadora nos projetos: Orienta\u00e7\u00e3o Sexual nas Escolas da Rede P\u00fablica Municipal da cidade de S\u00e3o Paulo, (GTPOS), Sexualidade, Masculinidades e Viol\u00eancia (Elton John Aids Foundation) e Preven\u00e7\u00e3o ao Uso Indevido de Drogas (APREV \u2013 Sindepol Brasil &#8211; SME). Coordenadora t\u00e9cnica dos projeto: (Funda\u00e7\u00e3o Roberto Marinho e SEE e MEC\/SECAD). Colaboradora no guia Sa\u00fade e preven\u00e7\u00e3o nas escolas (Minist\u00e9rio da Sa\u00fade).<\/p>\n","protected":false},"excerpt":{"rendered":"<p>O material para a realiza\u00e7\u00e3o do Semin\u00e1rio \u201cDROGAS POR QU\u00ca? DESAFIOS PARA A EDUCA\u00c7\u00c3O\u201d j\u00e1 chegaram em Valen\u00e7a. O evento acontece neste s\u00e1bado, 26 de abril, \u00e0s 08h, no audit\u00f3rio&#8230;<\/p>\n","protected":false},"author":1,"featured_media":0,"comment_status":"open","ping_status":"open","sticky":false,"template":"","format":"standard","meta":{"ngg_post_thumbnail":0,"footnotes":""},"categories":[12],"tags":[],"class_list":["post-18045","post","type-post","status-publish","format-standard","hentry","category-valenca-news"],"views":367,"meta_data":{"thumb":"https:\/\/portalv1.com.br\/app\/wp-content\/uploads\/2014\/04\/getulio-gomes.jpg","data":{"simple":"25\/04\/2014","date_time":"25\/04\/2014 05:59:32","date":"h\u00e1 12 anos"},"chapeu":"Neste Sabado","source":"retirar"},"_links":{"self":[{"href":"https:\/\/portalv1.com.br\/api\/wp\/v2\/posts\/18045","targetHints":{"allow":["GET"]}}],"collection":[{"href":"https:\/\/portalv1.com.br\/api\/wp\/v2\/posts"}],"about":[{"href":"https:\/\/portalv1.com.br\/api\/wp\/v2\/types\/post"}],"author":[{"embeddable":true,"href":"https:\/\/portalv1.com.br\/api\/wp\/v2\/users\/1"}],"replies":[{"embeddable":true,"href":"https:\/\/portalv1.com.br\/api\/wp\/v2\/comments?post=18045"}],"version-history":[{"count":0,"href":"https:\/\/portalv1.com.br\/api\/wp\/v2\/posts\/18045\/revisions"}],"wp:attachment":[{"href":"https:\/\/portalv1.com.br\/api\/wp\/v2\/media?parent=18045"}],"wp:term":[{"taxonomy":"category","embeddable":true,"href":"https:\/\/portalv1.com.br\/api\/wp\/v2\/categories?post=18045"},{"taxonomy":"post_tag","embeddable":true,"href":"https:\/\/portalv1.com.br\/api\/wp\/v2\/tags?post=18045"}],"curies":[{"name":"wp","href":"https:\/\/api.w.org\/{rel}","templated":true}]}}