{"id":18047,"date":"2014-04-25T21:46:47","date_gmt":"2014-04-26T00:46:47","guid":{"rendered":"https:\/\/portalv1.com.br\/?p=18047"},"modified":"2014-04-25T21:46:47","modified_gmt":"2014-04-26T00:46:47","slug":"colegas-brigam-no-trabalho-e-uma-mata-outra-com-golpes-de-faca","status":"publish","type":"post","link":"https:\/\/portalv1.com.br\/colegas-brigam-no-trabalho-e-uma-mata-outra-com-golpes-de-faca\/","title":{"rendered":"Colegas brigam no trabalho e uma mata outra com golpes de faca"},"content":{"rendered":"<p><span style=\"color: #000000;\"><a href=\"https:\/\/portalv1.com.br\/app\/wp-content\/uploads\/2014\/04\/domesticas_iml.jpg\"><img loading=\"lazy\" decoding=\"async\" class=\"alignright size-medium wp-image-18048\" src=\"https:\/\/portalv1.com.br\/app\/wp-content\/uploads\/2014\/04\/domesticas_iml-300x212.jpg\" alt=\"domesticas_iml\" width=\"300\" height=\"212\" srcset=\"https:\/\/portalv1.com.br\/app\/wp-content\/uploads\/2014\/04\/domesticas_iml-300x212.jpg 300w, https:\/\/portalv1.com.br\/app\/wp-content\/uploads\/2014\/04\/domesticas_iml.jpg 450w\" sizes=\"auto, (max-width: 300px) 100vw, 300px\" \/><\/a>A dom\u00e9stica Maysa Gouveia de Lima, 21 anos, foi presa em flagrante na manh\u00e3 desta sexta-feira(25), acusada de matar a facadas sua colega de trabalho, Beatriz Silva Deolindo, 23 anos, \u00a0na resid\u00eancia onde trabalhavam, no conjunto Santa Izabel, na zona Leste de Teresina.\u00a0O crime aconteceu por volta das 10h de hoje. A pol\u00edcia foi acionada pela popula\u00e7\u00e3o que presenciou o desespero da propriet\u00e1ria da resid\u00eancia, cujo nome n\u00e3o foi revelado. \u201cQuando chegamos aqui, a acusada estava correndo pela rua tentando fugir, mas foi presa por uma viatura do Canil que passava na hora\u201d, contou o coronel Marcio Oliveira.\u00a0<\/span><\/p>\n<p><span style=\"color: #000000;\">A propriet\u00e1ria da casa disse \u00e0 pol\u00edcia que Maysa havia denunciado o suposto roubo de um celular e da quantia de R$ 300 em dinheiro e a acusada era a cuidadora de idosos, Beatriz.\u00a0<\/span><\/p>\n<p><span style=\"color: #000000;\">\u201cEssa suspeita de roubo seria o motivo do crime, mas as duas estavam h\u00e1 apenas 20 dias na casa e foram contratadas atrav\u00e9s dos classificados, porque a dona da casa tinha urg\u00eancia, portanto ela n\u00e3o conhecia a preced\u00eancia das duas funcion\u00e1rias\u201d, explicou o comandante coronel Alberto Menezes.\u00a0<\/span>A pol\u00edcia suspeita que a arma utilizada no crime, tenha sido uma faca de cozinha, que ainda n\u00e3o foi encontrada. A v\u00edtima sofreu perfura\u00e7\u00f5es na altura do peito.\u00a0A v\u00edtima cuidava de uma idosa com mal de Alzheimer. \u00a0O Instituto M\u00e9dico Legal (IML), a per\u00edcia est\u00e3o na casa e a Delegacia de Homic\u00eddios investigar\u00e1 o crime.<\/p>\n<p>Fonte: cidadeverde<\/p>\n","protected":false},"excerpt":{"rendered":"<p>A dom\u00e9stica Maysa Gouveia de Lima, 21 anos, foi presa em flagrante na manh\u00e3 desta sexta-feira(25), acusada de matar a facadas sua colega de trabalho, Beatriz Silva Deolindo, 23 anos,&#8230;<\/p>\n","protected":false},"author":1,"featured_media":0,"comment_status":"open","ping_status":"open","sticky":false,"template":"","format":"standard","meta":{"ngg_post_thumbnail":0,"footnotes":""},"categories":[12],"tags":[],"class_list":["post-18047","post","type-post","status-publish","format-standard","hentry","category-valenca-news"],"views":487,"meta_data":{"thumb":"https:\/\/portalv1.com.br\/app\/wp-content\/uploads\/2014\/04\/domesticas_iml.jpg","data":{"simple":"25\/04\/2014","date_time":"25\/04\/2014 18:46:47","date":"h\u00e1 12 anos"},"chapeu":"Violencia ","source":"m_destacada"},"_links":{"self":[{"href":"https:\/\/portalv1.com.br\/api\/wp\/v2\/posts\/18047","targetHints":{"allow":["GET"]}}],"collection":[{"href":"https:\/\/portalv1.com.br\/api\/wp\/v2\/posts"}],"about":[{"href":"https:\/\/portalv1.com.br\/api\/wp\/v2\/types\/post"}],"author":[{"embeddable":true,"href":"https:\/\/portalv1.com.br\/api\/wp\/v2\/users\/1"}],"replies":[{"embeddable":true,"href":"https:\/\/portalv1.com.br\/api\/wp\/v2\/comments?post=18047"}],"version-history":[{"count":0,"href":"https:\/\/portalv1.com.br\/api\/wp\/v2\/posts\/18047\/revisions"}],"wp:attachment":[{"href":"https:\/\/portalv1.com.br\/api\/wp\/v2\/media?parent=18047"}],"wp:term":[{"taxonomy":"category","embeddable":true,"href":"https:\/\/portalv1.com.br\/api\/wp\/v2\/categories?post=18047"},{"taxonomy":"post_tag","embeddable":true,"href":"https:\/\/portalv1.com.br\/api\/wp\/v2\/tags?post=18047"}],"curies":[{"name":"wp","href":"https:\/\/api.w.org\/{rel}","templated":true}]}}