{"id":18065,"date":"2014-04-29T08:54:04","date_gmt":"2014-04-29T11:54:04","guid":{"rendered":"https:\/\/portalv1.com.br\/?p=18065"},"modified":"2014-04-29T08:54:04","modified_gmt":"2014-04-29T11:54:04","slug":"prefeitura-de-oeiras-pi-retifica-concurso-com-mais-de-230-vagas","status":"publish","type":"post","link":"https:\/\/portalv1.com.br\/prefeitura-de-oeiras-pi-retifica-concurso-com-mais-de-230-vagas\/","title":{"rendered":"Prefeitura de Oeiras &#8211; PI retifica concurso com mais de 230 vagas"},"content":{"rendered":"<p><a href=\"https:\/\/portalv1.com.br\/app\/wp-content\/uploads\/2013\/01\/concurso1.jpg\"><img loading=\"lazy\" decoding=\"async\" class=\"alignright size-medium wp-image-14667\" src=\"https:\/\/portalv1.com.br\/app\/wp-content\/uploads\/2013\/01\/concurso1-300x266.jpg\" alt=\"concurso\" width=\"300\" height=\"266\" srcset=\"https:\/\/portalv1.com.br\/app\/wp-content\/uploads\/2013\/01\/concurso1-300x266.jpg 300w, https:\/\/portalv1.com.br\/app\/wp-content\/uploads\/2013\/01\/concurso1.jpg 550w\" sizes=\"auto, (max-width: 300px) 100vw, 300px\" \/><\/a>A Prefeitura de Oeiras, Piau\u00ed, divulgou a primeira retifica\u00e7\u00e3o do concurso\u00a0p\u00fablico 001, cujas inscri\u00e7\u00f5es come\u00e7am nesta segunda-feira, 28 de abril de 2014. Por meio desse documento, o nome do cargo constante no quadro de provas para n\u00edvel fundamental foi alterado para Motorista. Al\u00e9m disso, houve altera\u00e7\u00e3o no valor do sal\u00e1rio da fun\u00e7\u00e3o de T\u00e9cnico em Sa\u00fade Bucal, que passa a ser R$ 724,00. Executado pelo Instituto Machado de Assis, o certame disp\u00f5e de 233 oportunidades para os seguintes cargos:<\/p>\n<p>N\u00edvel Fundamental &#8211; Motorista (3);<\/p>\n<p>N\u00edvel M\u00e9dio\/T\u00e9cnico &#8211; Auxiliar Administrativo (33 + 4 PNE), Fiscal Sanit\u00e1rio (3), Fiscal de Campo (10 + 1 PNE), T\u00e9cnico de Enfermagem (25 + 1 PNE), T\u00e9cnico em Pr\u00f3tese Dent\u00e1ria (1), T\u00e9cnico em Sa\u00fade Bucal (16 + 2 PNE), T\u00e9cnico Agr\u00edcola (1);<\/p>\n<p>N\u00edvel Superior &#8211; Agente Administrativo (22 + 1 PNE), Nutricionista (2), Psic\u00f3logo (5), Fonoaudi\u00f3logo (1), Fisioterapeuta (4), Educador F\u00edsico (3), Enfermeiro (9), Pedagogo (2), M\u00e9dico Especialista em Sa\u00fade Mental (1), Assistente Social (6 + 1 PNE), M\u00e9dico (6 + 1 PNE), M\u00e9dico-veterin\u00e1rio (2), M\u00e9dico Infectologista (1), Cirurgi\u00e3o-dentista (11 + 2 PNE), Engenheiro (1), Agr\u00f4nomo (1), Turism\u00f3logo (1),\u00a0Professor\u00a0de Polival\u00eancia (14) e Professor nas disciplinas de Portugu\u00eas (10), Matem\u00e1tica (10), Biologia (1), Ingl\u00eas (6), Hist\u00f3ria (3), Geografia (1), Educa\u00e7\u00e3o F\u00edsica (3) e Ci\u00eancias (2).<\/p>\n<p>Os profissionais ser\u00e3o contratados por tempo determinado, com sal\u00e1rios que variam de R$ 724,00 a R$ 4.128,00 em jornadas de 20, 30 e 40 horas semanais.<\/p>\n<p>Para participar, os interessados devem se inscrever at\u00e9 o dia 17 de junho de 2014, mediante preenchimento do formul\u00e1rio dispon\u00edvel no\u00a0site\u00a0www.institutomachadodeassis.com.br. As inscri\u00e7\u00f5es custam de R$ 39,20 a R$ 73,50 conforme a fun\u00e7\u00e3o pretendida.<\/p>\n<p>Todos os candidatos ser\u00e3o submetidos \u00e0 prova objetiva, composta por quest\u00f5es que versar\u00e3o sobre o conte\u00fado program\u00e1tico dispon\u00edvel no edital. Sua aplica\u00e7\u00e3o est\u00e1 prevista para o dia 6 de julho de 2014, das 9h \u00e0s 12h, em local divulgado posteriormente.<\/p>\n<p>Este concurso ter\u00e1 validade de dois anos, contados a partir da data de publica\u00e7\u00e3o de sua homologa\u00e7\u00e3o, podendo ser prorrogado por igual per\u00edodo, a crit\u00e9rio da Administra\u00e7\u00e3o P\u00fablica Municipal.<\/p>\n","protected":false},"excerpt":{"rendered":"<p>A Prefeitura de Oeiras, Piau\u00ed, divulgou a primeira retifica\u00e7\u00e3o do concurso\u00a0p\u00fablico 001, cujas inscri\u00e7\u00f5es come\u00e7am nesta segunda-feira, 28 de abril de 2014. Por meio desse documento, o nome do cargo&#8230;<\/p>\n","protected":false},"author":1,"featured_media":0,"comment_status":"open","ping_status":"open","sticky":false,"template":"","format":"standard","meta":{"ngg_post_thumbnail":0,"footnotes":""},"categories":[12],"tags":[],"class_list":["post-18065","post","type-post","status-publish","format-standard","hentry","category-valenca-news"],"views":333,"meta_data":{"thumb":"https:\/\/portalv1.com.br\/app\/wp-content\/uploads\/2013\/01\/concurso1.jpg","data":{"simple":"29\/04\/2014","date_time":"29\/04\/2014 05:54:04","date":"h\u00e1 12 anos"},"chapeu":"Oportunidade ","source":"m_destacada"},"_links":{"self":[{"href":"https:\/\/portalv1.com.br\/api\/wp\/v2\/posts\/18065","targetHints":{"allow":["GET"]}}],"collection":[{"href":"https:\/\/portalv1.com.br\/api\/wp\/v2\/posts"}],"about":[{"href":"https:\/\/portalv1.com.br\/api\/wp\/v2\/types\/post"}],"author":[{"embeddable":true,"href":"https:\/\/portalv1.com.br\/api\/wp\/v2\/users\/1"}],"replies":[{"embeddable":true,"href":"https:\/\/portalv1.com.br\/api\/wp\/v2\/comments?post=18065"}],"version-history":[{"count":0,"href":"https:\/\/portalv1.com.br\/api\/wp\/v2\/posts\/18065\/revisions"}],"wp:attachment":[{"href":"https:\/\/portalv1.com.br\/api\/wp\/v2\/media?parent=18065"}],"wp:term":[{"taxonomy":"category","embeddable":true,"href":"https:\/\/portalv1.com.br\/api\/wp\/v2\/categories?post=18065"},{"taxonomy":"post_tag","embeddable":true,"href":"https:\/\/portalv1.com.br\/api\/wp\/v2\/tags?post=18065"}],"curies":[{"name":"wp","href":"https:\/\/api.w.org\/{rel}","templated":true}]}}