{"id":18079,"date":"2014-05-02T09:27:28","date_gmt":"2014-05-02T12:27:28","guid":{"rendered":"https:\/\/portalv1.com.br\/?p=18079"},"modified":"2014-05-04T10:19:52","modified_gmt":"2014-05-04T13:19:52","slug":"rally-do-trabalhador-saira-de-valenca-neste-domingo-veja-percurso","status":"publish","type":"post","link":"https:\/\/portalv1.com.br\/rally-do-trabalhador-saira-de-valenca-neste-domingo-veja-percurso\/","title":{"rendered":"Rally do Trabalhador sair\u00e1 de Valen\u00e7a neste domingo. Veja percurso"},"content":{"rendered":"<figure id=\"attachment_18080\" aria-describedby=\"caption-attachment-18080\" style=\"width: 300px\" class=\"wp-caption alignright\"><a href=\"https:\/\/portalv1.com.br\/app\/wp-content\/uploads\/2014\/05\/portalv1-051.jpg\"><img loading=\"lazy\" decoding=\"async\" class=\"size-medium wp-image-18080\" src=\"https:\/\/portalv1.com.br\/app\/wp-content\/uploads\/2014\/05\/portalv1-051-300x224.jpg\" alt=\"Jordenilson Moura\" width=\"300\" height=\"224\" srcset=\"https:\/\/portalv1.com.br\/app\/wp-content\/uploads\/2014\/05\/portalv1-051-300x224.jpg 300w, https:\/\/portalv1.com.br\/app\/wp-content\/uploads\/2014\/05\/portalv1-051.jpg 640w\" sizes=\"auto, (max-width: 300px) 100vw, 300px\" \/><\/a><figcaption id=\"caption-attachment-18080\" class=\"wp-caption-text\">Jordenilson Moura<\/figcaption><\/figure>\n<p>Ser\u00e1 dada a partida na manha deste domingo (04) de mais uma edi\u00e7\u00e3o do Rally do Trabalhador. O rally sair\u00e1 do patamar da Igreja Matriz por volta das 07h da manha com destino a Barragem de Bocaina. Organizado pelo amigo Jordenilson Moura, o evento \u00e9 voltado aos amantes da velocidade que percorrer\u00e3o os quase 100 km entre as duas cidades em rotas alternativas.<\/p>\n<p>A exemplo dos anos anteriores, os pilotos contar\u00e3o com uma equipe de apoio para dar suporte ao longo da viagem. A expectativa da organiza\u00e7\u00e3o \u00e9 sair de Valen\u00e7a por volta das 07h com chegada prevista para as 11h.<\/p>\n<p>A sa\u00edda oficial est\u00e1 marcada pera a UESPI, passando pelo Sitio Santo Ant\u00f4nio, Lagoa do Sitio, Urucus, Serra da Baixa Verde, S\u00e3o Jo\u00e3o da Cana Brava e Bocaina. O retorno a Valen\u00e7a ser\u00e1 logo ap\u00f3s o almo\u00e7o com previs\u00e3o de chegada \u00e0s 18h. o padre Klebert Viana dar\u00e1 a ben\u00e7\u00e3o na partida dos pilotos.<\/p>\n","protected":false},"excerpt":{"rendered":"<p>Ser\u00e1 dada a partida na manha deste domingo (04) de mais uma edi\u00e7\u00e3o do Rally do Trabalhador. O rally sair\u00e1 do patamar da Igreja Matriz por volta das 07h da&#8230;<\/p>\n","protected":false},"author":1,"featured_media":0,"comment_status":"open","ping_status":"open","sticky":false,"template":"","format":"standard","meta":{"ngg_post_thumbnail":0,"footnotes":""},"categories":[12],"tags":[],"class_list":["post-18079","post","type-post","status-publish","format-standard","hentry","category-valenca-news"],"views":606,"meta_data":{"thumb":"https:\/\/portalv1.com.br\/app\/wp-content\/uploads\/2014\/05\/portalv1-051.jpg","data":{"simple":"02\/05\/2014","date_time":"02\/05\/2014 06:27:28","date":"h\u00e1 12 anos"},"chapeu":"Velocidade","source":"retirar"},"_links":{"self":[{"href":"https:\/\/portalv1.com.br\/api\/wp\/v2\/posts\/18079","targetHints":{"allow":["GET"]}}],"collection":[{"href":"https:\/\/portalv1.com.br\/api\/wp\/v2\/posts"}],"about":[{"href":"https:\/\/portalv1.com.br\/api\/wp\/v2\/types\/post"}],"author":[{"embeddable":true,"href":"https:\/\/portalv1.com.br\/api\/wp\/v2\/users\/1"}],"replies":[{"embeddable":true,"href":"https:\/\/portalv1.com.br\/api\/wp\/v2\/comments?post=18079"}],"version-history":[{"count":0,"href":"https:\/\/portalv1.com.br\/api\/wp\/v2\/posts\/18079\/revisions"}],"wp:attachment":[{"href":"https:\/\/portalv1.com.br\/api\/wp\/v2\/media?parent=18079"}],"wp:term":[{"taxonomy":"category","embeddable":true,"href":"https:\/\/portalv1.com.br\/api\/wp\/v2\/categories?post=18079"},{"taxonomy":"post_tag","embeddable":true,"href":"https:\/\/portalv1.com.br\/api\/wp\/v2\/tags?post=18079"}],"curies":[{"name":"wp","href":"https:\/\/api.w.org\/{rel}","templated":true}]}}