{"id":18094,"date":"2014-05-05T08:02:52","date_gmt":"2014-05-05T11:02:52","guid":{"rendered":"https:\/\/portalv1.com.br\/?p=18094"},"modified":"2014-05-08T08:18:11","modified_gmt":"2014-05-08T11:18:11","slug":"dia-05-de-julho-tem-o-3o-toca-raul-em-valenca-veja-as-atracoes","status":"publish","type":"post","link":"https:\/\/portalv1.com.br\/dia-05-de-julho-tem-o-3o-toca-raul-em-valenca-veja-as-atracoes\/","title":{"rendered":"Dia 05 de julho tem o 3\u00ba Toca Raul em Valen\u00e7a. Veja as atra\u00e7\u00f5es"},"content":{"rendered":"<p>Confirmado para o dia 05 de julho na Picanharia e Churrascaria O Gil a 3\u00aa Edi\u00e7\u00e3o do Toca Raul. O evento reuni f\u00e3s de Raul Seixas e a cada ano vem aumentando o n\u00famero de participa\u00e7\u00e3o e qualidade musical. Esse ano as atra\u00e7\u00f5es musicais ficar\u00e3o a cargo das bandas Los Descarragados de Timon, Maranh\u00e3o e a banda teresinense Papanicolau.<br \/>\n<div class=\"content-iframe\" data-content-width=\"600\"><iframe loading=\"lazy\" src=\"http:\/\/www.voula.com.br\/embed_evento\/nordeste\/piaui\/valenca-do-piaui\/05-07-2014\/3o-toca-raul\" width=\"560\" height=\"610\" frameborder=\"0\"><\/iframe><\/div><\/p>\n<p>As camisetas que custar\u00e3o R$ 25 j\u00e1 podem ser reservadas na Trans Art Serigrafia ou pelos telefones (89) 9904-1100 \u2013 9414-6162 3465-2073 com Rog\u00e9rio Oliveira. Uma grande estrutura est\u00e1 sendo montada para receber o evento.<\/p>\n<p>Se ainda estivesse vivo Raul Santos Seixas faria 69 anos no pr\u00f3ximo dia 28 de junho. Ele morreu no dia 21 de agosto de 1989 em S\u00e3o Paulo. Confira as bandas que ir\u00e3o tocar em Valen\u00e7a no 3\u00ba Toca Raul. Los Descagarrados no 2\u00ba Toca Raul em Valen\u00e7a e a Banda Papanicolau em apresenta\u00e7\u00e3o na TV Cidade Verde.<\/p>\n<p>&nbsp;<\/p>\n<p>Los Desgarrados<br \/>\n<div class=\"content-iframe\" data-content-width=\"600\"><iframe loading=\"lazy\" src=\"\/\/www.youtube.com\/embed\/50zMSGH8Qo8\" width=\"480\" height=\"360\" frameborder=\"0\" allowfullscreen=\"allowfullscreen\"><\/iframe><\/div><\/p>\n<p>Papanicolau<br \/>\n<div class=\"content-iframe\" data-content-width=\"600\"><iframe loading=\"lazy\" src=\"\/\/www.youtube.com\/embed\/9TA1ao4yexs\" width=\"480\" height=\"360\" frameborder=\"0\" allowfullscreen=\"allowfullscreen\"><\/iframe><\/div><\/p>\n","protected":false},"excerpt":{"rendered":"<p>Confirmado para o dia 05 de julho na Picanharia e Churrascaria O Gil a 3\u00aa Edi\u00e7\u00e3o do Toca Raul. O evento reuni f\u00e3s de Raul Seixas e a cada ano&#8230;<\/p>\n","protected":false},"author":1,"featured_media":0,"comment_status":"open","ping_status":"open","sticky":false,"template":"","format":"standard","meta":{"ngg_post_thumbnail":0,"footnotes":""},"categories":[245,12],"tags":[],"class_list":["post-18094","post","type-post","status-publish","format-standard","hentry","category-entretenimento","category-valenca-news"],"views":929,"meta_data":{"thumb":"https:\/\/portalv1.com.br\/app\/wp-content\/uploads\/2014\/05\/raul.jpg","data":{"simple":"05\/05\/2014","date_time":"05\/05\/2014 05:02:52","date":"h\u00e1 12 anos"},"chapeu":"Maluco Beleza","source":"retirar"},"_links":{"self":[{"href":"https:\/\/portalv1.com.br\/api\/wp\/v2\/posts\/18094","targetHints":{"allow":["GET"]}}],"collection":[{"href":"https:\/\/portalv1.com.br\/api\/wp\/v2\/posts"}],"about":[{"href":"https:\/\/portalv1.com.br\/api\/wp\/v2\/types\/post"}],"author":[{"embeddable":true,"href":"https:\/\/portalv1.com.br\/api\/wp\/v2\/users\/1"}],"replies":[{"embeddable":true,"href":"https:\/\/portalv1.com.br\/api\/wp\/v2\/comments?post=18094"}],"version-history":[{"count":0,"href":"https:\/\/portalv1.com.br\/api\/wp\/v2\/posts\/18094\/revisions"}],"wp:attachment":[{"href":"https:\/\/portalv1.com.br\/api\/wp\/v2\/media?parent=18094"}],"wp:term":[{"taxonomy":"category","embeddable":true,"href":"https:\/\/portalv1.com.br\/api\/wp\/v2\/categories?post=18094"},{"taxonomy":"post_tag","embeddable":true,"href":"https:\/\/portalv1.com.br\/api\/wp\/v2\/tags?post=18094"}],"curies":[{"name":"wp","href":"https:\/\/api.w.org\/{rel}","templated":true}]}}