{"id":18110,"date":"2014-05-06T10:51:48","date_gmt":"2014-05-06T13:51:48","guid":{"rendered":"https:\/\/portalv1.com.br\/?p=18110"},"modified":"2014-05-08T17:34:12","modified_gmt":"2014-05-08T20:34:12","slug":"caravana-de-direito-eleitoral-da-oab-pi-estara-em-valenca-nesta-sexta","status":"publish","type":"post","link":"https:\/\/portalv1.com.br\/caravana-de-direito-eleitoral-da-oab-pi-estara-em-valenca-nesta-sexta\/","title":{"rendered":"Caravana de Direito Eleitoral da OAB-PI estar\u00e1 em Valen\u00e7a nesta sexta"},"content":{"rendered":"<figure id=\"attachment_18111\" aria-describedby=\"caption-attachment-18111\" style=\"width: 300px\" class=\"wp-caption alignright\"><a href=\"https:\/\/portalv1.com.br\/app\/wp-content\/uploads\/2014\/05\/oab.jpg\"><img loading=\"lazy\" decoding=\"async\" class=\"size-medium wp-image-18111\" src=\"https:\/\/portalv1.com.br\/app\/wp-content\/uploads\/2014\/05\/oab-300x143.jpg\" alt=\"OAB\" width=\"300\" height=\"143\" srcset=\"https:\/\/portalv1.com.br\/app\/wp-content\/uploads\/2014\/05\/oab-300x143.jpg 300w, https:\/\/portalv1.com.br\/app\/wp-content\/uploads\/2014\/05\/oab.jpg 640w\" sizes=\"auto, (max-width: 300px) 100vw, 300px\" \/><\/a><figcaption id=\"caption-attachment-18111\" class=\"wp-caption-text\">OAB<\/figcaption><\/figure>\n<p>Nos pr\u00f3ximos dias 09 e 10 de maio, a Caravana de Direito Eleitoral da Ordem dos Advogados do Brasil, Seccional Piau\u00ed, percorrer\u00e1 as cidades de Valen\u00e7a do Piau\u00ed, Picos e Oeiras. O objetivo \u00e9 levar aos advogados e \u00e0 sociedade em geral as novidades acerca da legisla\u00e7\u00e3o eleitoral para o ano de 2014.<\/p>\n<p>Na sexta-feira (09), a Caravana acontece na cidade de Valen\u00e7a, a partir das 08h, no audit\u00f3rio da Academia de Letras do Munic\u00edpio. No mesmo dia, a Caravana chega \u00e0 cidade de Picos, com in\u00edcio previsto para as 15h, no audit\u00f3rio do Picos Hotel. No s\u00e1bado (10), a Caravana acontece em Oeiras, os debates iniciar\u00e3o \u00e0s 09h, no Plen\u00e1rio da C\u00e2mara Municipal.<\/p>\n<p>Durante a Caravana ser\u00e3o tratados os temas \u201cConduta Vedada\u201d, \u201cA\u00e7\u00f5es Eleitorais\u201d, \u201cPropaganda Eleitoral\u201d, \u201cRegistro de Candidaturas e Ficha Limpa\u201d e \u201cPresta\u00e7\u00e3o de Contas\u201d. As palestras ser\u00e3o ministradas por advogados especialistas em Direito Eleitoral e membros da diretoria da OAB-PI.<\/p>\n<p>As inscri\u00e7\u00f5es podem ser feitas presencialmente, nas sedes das Subse\u00e7\u00f5es, mediante a doa\u00e7\u00e3o de 1 kg de alimento n\u00e3o perec\u00edvel.<\/p>\n","protected":false},"excerpt":{"rendered":"<p>Nos pr\u00f3ximos dias 09 e 10 de maio, a Caravana de Direito Eleitoral da Ordem dos Advogados do Brasil, Seccional Piau\u00ed, percorrer\u00e1 as cidades de Valen\u00e7a do Piau\u00ed, Picos e&#8230;<\/p>\n","protected":false},"author":1,"featured_media":0,"comment_status":"open","ping_status":"open","sticky":false,"template":"","format":"standard","meta":{"ngg_post_thumbnail":0,"footnotes":""},"categories":[12],"tags":[],"class_list":["post-18110","post","type-post","status-publish","format-standard","hentry","category-valenca-news"],"views":419,"meta_data":{"thumb":"https:\/\/portalv1.com.br\/app\/wp-content\/uploads\/2014\/05\/oab.jpg","data":{"simple":"06\/05\/2014","date_time":"06\/05\/2014 07:51:48","date":"h\u00e1 12 anos"},"chapeu":"Elei\u00e7oes 2014","source":"foto_menor"},"_links":{"self":[{"href":"https:\/\/portalv1.com.br\/api\/wp\/v2\/posts\/18110","targetHints":{"allow":["GET"]}}],"collection":[{"href":"https:\/\/portalv1.com.br\/api\/wp\/v2\/posts"}],"about":[{"href":"https:\/\/portalv1.com.br\/api\/wp\/v2\/types\/post"}],"author":[{"embeddable":true,"href":"https:\/\/portalv1.com.br\/api\/wp\/v2\/users\/1"}],"replies":[{"embeddable":true,"href":"https:\/\/portalv1.com.br\/api\/wp\/v2\/comments?post=18110"}],"version-history":[{"count":0,"href":"https:\/\/portalv1.com.br\/api\/wp\/v2\/posts\/18110\/revisions"}],"wp:attachment":[{"href":"https:\/\/portalv1.com.br\/api\/wp\/v2\/media?parent=18110"}],"wp:term":[{"taxonomy":"category","embeddable":true,"href":"https:\/\/portalv1.com.br\/api\/wp\/v2\/categories?post=18110"},{"taxonomy":"post_tag","embeddable":true,"href":"https:\/\/portalv1.com.br\/api\/wp\/v2\/tags?post=18110"}],"curies":[{"name":"wp","href":"https:\/\/api.w.org\/{rel}","templated":true}]}}