{"id":18118,"date":"2014-05-08T08:16:08","date_gmt":"2014-05-08T11:16:08","guid":{"rendered":"https:\/\/portalv1.com.br\/?p=18118"},"modified":"2014-05-08T08:16:08","modified_gmt":"2014-05-08T11:16:08","slug":"pp-quer-vereador-getulio-gomes-como-candidato-a-deputado-estadual","status":"publish","type":"post","link":"https:\/\/portalv1.com.br\/pp-quer-vereador-getulio-gomes-como-candidato-a-deputado-estadual\/","title":{"rendered":"PP quer vereador Getulio Gomes como candidato a deputado estadual"},"content":{"rendered":"<figure id=\"attachment_18119\" aria-describedby=\"caption-attachment-18119\" style=\"width: 300px\" class=\"wp-caption alignright\"><a href=\"https:\/\/portalv1.com.br\/app\/wp-content\/uploads\/2014\/05\/dsc_0214-1.jpg\"><img loading=\"lazy\" decoding=\"async\" class=\"size-medium wp-image-18119\" src=\"https:\/\/portalv1.com.br\/app\/wp-content\/uploads\/2014\/05\/dsc_0214-1-300x200.jpg\" alt=\"A deputada Iracema Portela \u00e9 a madrinha da pr\u00e9-candidatura do vereador Getulio Gomes \" width=\"300\" height=\"200\" srcset=\"https:\/\/portalv1.com.br\/app\/wp-content\/uploads\/2014\/05\/dsc_0214-1-300x200.jpg 300w, https:\/\/portalv1.com.br\/app\/wp-content\/uploads\/2014\/05\/dsc_0214-1.jpg 640w\" sizes=\"auto, (max-width: 300px) 100vw, 300px\" \/><\/a><figcaption id=\"caption-attachment-18119\" class=\"wp-caption-text\">A deputada Iracema Portela \u00e9 a madrinha da pr\u00e9-candidatura do vereador Getulio Gomes<\/figcaption><\/figure>\n<p>O nome do vereador Getulio Gomes vem ganhando for\u00e7a dentro do Partido Progressista (PP) para a disputa de uma cadeira da Assembleia Legislativa nas elei\u00e7\u00f5es de outubro pr\u00f3ximo. O nome do vereador \u00e9 bem aceito na c\u00fapula progressista por sua experi\u00eancia premiada como coordenador do Bolsa Fam\u00edlia na capital piauiense na gest\u00e3o do ex-prefeito Elmano Ferrer, sua lideran\u00e7a no seguimento jovens em Valen\u00e7a e pelo trabalho realizado no parlamento municipal.<\/p>\n<p>O Partido Progressista est\u00e1 buscando em seus quadros um nome para ocupar a cadeira da deputada Margarete Coelho, que dever\u00e1 ser indicada como pr\u00e9-candidata a vice-governadora na chapa do senador Wellington Dias no pr\u00f3ximo dia 16 de maio. Com a iminente sa\u00edda da deputada, o PP se articula para manter a cadeira no parlamento e entre os nomes indicados est\u00e1 a do vereador valenciano que preside o diret\u00f3rio municipal.<\/p>\n<p>Durante a realiza\u00e7\u00e3o do Semin\u00e1rio Drogas Por qu\u00ea a deputada federal Iracema Portela j\u00e1 chamava a aten\u00e7\u00e3o para a indica\u00e7\u00e3o do vereador que na oportunidade se colocou a disposi\u00e7\u00e3o do partido para a disputa. Nessa sexta-feira (09), o vereador volta a se reunir com a deputada Iracema Portela e no s\u00e1bado o encontro ser\u00e1 com o senador Wellington Dias na capital Teresina.<\/p>\n","protected":false},"excerpt":{"rendered":"<p>O nome do vereador Getulio Gomes vem ganhando for\u00e7a dentro do Partido Progressista (PP) para a disputa de uma cadeira da Assembleia Legislativa nas elei\u00e7\u00f5es de outubro pr\u00f3ximo. O nome&#8230;<\/p>\n","protected":false},"author":1,"featured_media":0,"comment_status":"open","ping_status":"open","sticky":false,"template":"","format":"standard","meta":{"ngg_post_thumbnail":0,"footnotes":""},"categories":[12],"tags":[],"class_list":["post-18118","post","type-post","status-publish","format-standard","hentry","category-valenca-news"],"views":909,"meta_data":{"thumb":"https:\/\/portalv1.com.br\/app\/wp-content\/uploads\/2014\/05\/dsc_0214-1.jpg","data":{"simple":"08\/05\/2014","date_time":"08\/05\/2014 05:16:08","date":"h\u00e1 12 anos"},"chapeu":"Elei\u00e7oes 2014","source":"slide"},"_links":{"self":[{"href":"https:\/\/portalv1.com.br\/api\/wp\/v2\/posts\/18118","targetHints":{"allow":["GET"]}}],"collection":[{"href":"https:\/\/portalv1.com.br\/api\/wp\/v2\/posts"}],"about":[{"href":"https:\/\/portalv1.com.br\/api\/wp\/v2\/types\/post"}],"author":[{"embeddable":true,"href":"https:\/\/portalv1.com.br\/api\/wp\/v2\/users\/1"}],"replies":[{"embeddable":true,"href":"https:\/\/portalv1.com.br\/api\/wp\/v2\/comments?post=18118"}],"version-history":[{"count":0,"href":"https:\/\/portalv1.com.br\/api\/wp\/v2\/posts\/18118\/revisions"}],"wp:attachment":[{"href":"https:\/\/portalv1.com.br\/api\/wp\/v2\/media?parent=18118"}],"wp:term":[{"taxonomy":"category","embeddable":true,"href":"https:\/\/portalv1.com.br\/api\/wp\/v2\/categories?post=18118"},{"taxonomy":"post_tag","embeddable":true,"href":"https:\/\/portalv1.com.br\/api\/wp\/v2\/tags?post=18118"}],"curies":[{"name":"wp","href":"https:\/\/api.w.org\/{rel}","templated":true}]}}