{"id":18173,"date":"2014-05-15T11:08:21","date_gmt":"2014-05-15T14:08:21","guid":{"rendered":"https:\/\/portalv1.com.br\/?p=18173"},"modified":"2014-05-17T09:52:20","modified_gmt":"2014-05-17T12:52:20","slug":"ufpi-divulga-edital-da-rede-e-tec-brasil-com-vagas-para-valenca","status":"publish","type":"post","link":"https:\/\/portalv1.com.br\/ufpi-divulga-edital-da-rede-e-tec-brasil-com-vagas-para-valenca\/","title":{"rendered":"UFPI divulga edital da Rede e-Tec Brasil com vagas para Valen\u00e7a"},"content":{"rendered":"<p><a href=\"https:\/\/portalv1.com.br\/app\/wp-content\/uploads\/2013\/01\/concurso1.jpg\"><img loading=\"lazy\" decoding=\"async\" class=\"alignright size-medium wp-image-14667\" src=\"https:\/\/portalv1.com.br\/app\/wp-content\/uploads\/2013\/01\/concurso1-300x266.jpg\" alt=\"concurso\" width=\"300\" height=\"266\" srcset=\"https:\/\/portalv1.com.br\/app\/wp-content\/uploads\/2013\/01\/concurso1-300x266.jpg 300w, https:\/\/portalv1.com.br\/app\/wp-content\/uploads\/2013\/01\/concurso1.jpg 550w\" sizes=\"auto, (max-width: 300px) 100vw, 300px\" \/><\/a>A Universidade Federal do Piau\u00ed, por meio do Minist\u00e9rio da Educa\u00e7\u00e3o, torna p\u00fablico o Edital n\u00b09\/2014 para exame classificat\u00f3rio do ensino t\u00e9cnico de n\u00edvel m\u00e9dio, na modalidade de educa\u00e7\u00e3o \u00e0 dist\u00e2ncia. S\u00e3o disponibilizadas 635 vagas, ofertadas em 06 polos de apoio presencial, sob a coordena\u00e7\u00e3o dos Col\u00e9gios T\u00e9cnicos da UFPI, no \u00e2mbito da Rede e-Tec Brasil.<\/p>\n<p>Entre essas vagas dispon\u00edveis est\u00e3o reservadas vagas para Valen\u00e7a nos cursos de t\u00e9cnico em enfermagem, t\u00e9cnico em montagem e suporte de inform\u00e1tica e t\u00e9cnico em agropecu\u00e1ria. Acesse o edital abaixo e vejas as vagas dispon\u00edveis para o polo de Valen\u00e7a.<\/p>\n<p>&nbsp;<\/p>\n<p><a href=\"https:\/\/portalv1.com.br\/app\/wp-content\/uploads\/2014\/05\/CLIQUE-AQUI-E-ACESSE-O-EDITAL.pdf\">CLIQUE AQUI E ACESSE O EDITAL<\/a><\/p>\n","protected":false},"excerpt":{"rendered":"<p>A Universidade Federal do Piau\u00ed, por meio do Minist\u00e9rio da Educa\u00e7\u00e3o, torna p\u00fablico o Edital n\u00b09\/2014 para exame classificat\u00f3rio do ensino t\u00e9cnico de n\u00edvel m\u00e9dio, na modalidade de educa\u00e7\u00e3o \u00e0&#8230;<\/p>\n","protected":false},"author":1,"featured_media":0,"comment_status":"open","ping_status":"open","sticky":false,"template":"","format":"standard","meta":{"ngg_post_thumbnail":0,"footnotes":""},"categories":[1055],"tags":[],"class_list":["post-18173","post","type-post","status-publish","format-standard","hentry","category-concurso-e-emprego"],"views":1294,"meta_data":{"thumb":"https:\/\/portalv1.com.br\/app\/wp-content\/uploads\/2013\/01\/concurso1.jpg","data":{"simple":"15\/05\/2014","date_time":"15\/05\/2014 08:08:21","date":"h\u00e1 12 anos"},"chapeu":"CONFIRA O EDITAL ","source":"retirar"},"_links":{"self":[{"href":"https:\/\/portalv1.com.br\/api\/wp\/v2\/posts\/18173","targetHints":{"allow":["GET"]}}],"collection":[{"href":"https:\/\/portalv1.com.br\/api\/wp\/v2\/posts"}],"about":[{"href":"https:\/\/portalv1.com.br\/api\/wp\/v2\/types\/post"}],"author":[{"embeddable":true,"href":"https:\/\/portalv1.com.br\/api\/wp\/v2\/users\/1"}],"replies":[{"embeddable":true,"href":"https:\/\/portalv1.com.br\/api\/wp\/v2\/comments?post=18173"}],"version-history":[{"count":0,"href":"https:\/\/portalv1.com.br\/api\/wp\/v2\/posts\/18173\/revisions"}],"wp:attachment":[{"href":"https:\/\/portalv1.com.br\/api\/wp\/v2\/media?parent=18173"}],"wp:term":[{"taxonomy":"category","embeddable":true,"href":"https:\/\/portalv1.com.br\/api\/wp\/v2\/categories?post=18173"},{"taxonomy":"post_tag","embeddable":true,"href":"https:\/\/portalv1.com.br\/api\/wp\/v2\/tags?post=18173"}],"curies":[{"name":"wp","href":"https:\/\/api.w.org\/{rel}","templated":true}]}}