{"id":18211,"date":"2014-05-22T16:57:21","date_gmt":"2014-05-22T19:57:21","guid":{"rendered":"https:\/\/portalv1.com.br\/?p=18211"},"modified":"2014-05-22T16:58:19","modified_gmt":"2014-05-22T19:58:19","slug":"prefeitura-de-pimenteiras-concorrera-ao-premio-prefeito-realizador","status":"publish","type":"post","link":"https:\/\/portalv1.com.br\/prefeitura-de-pimenteiras-concorrera-ao-premio-prefeito-realizador\/","title":{"rendered":"Pimenteiras concorrer\u00e1 ao Pr\u00eamio &#8220;Prefeito Realizador&#8221;"},"content":{"rendered":"<figure id=\"attachment_18212\" aria-describedby=\"caption-attachment-18212\" style=\"width: 300px\" class=\"wp-caption alignright\"><a href=\"https:\/\/portalv1.com.br\/app\/wp-content\/uploads\/2014\/05\/01.jpg\"><img loading=\"lazy\" decoding=\"async\" class=\"size-medium wp-image-18212\" src=\"https:\/\/portalv1.com.br\/app\/wp-content\/uploads\/2014\/05\/01-300x225.jpg\" alt=\"A premia\u00e7\u00e3o acontecer\u00e1 em Teresina na pr\u00f3xima quarta-feira        \" width=\"300\" height=\"225\" srcset=\"https:\/\/portalv1.com.br\/app\/wp-content\/uploads\/2014\/05\/01-300x225.jpg 300w, https:\/\/portalv1.com.br\/app\/wp-content\/uploads\/2014\/05\/01-640x480.jpg 640w, https:\/\/portalv1.com.br\/app\/wp-content\/uploads\/2014\/05\/01.jpg 2048w\" sizes=\"auto, (max-width: 300px) 100vw, 300px\" \/><\/a><figcaption id=\"caption-attachment-18212\" class=\"wp-caption-text\">A premia\u00e7\u00e3o acontecer\u00e1 em Teresina na pr\u00f3xima quarta-feira<\/figcaption><\/figure>\n<p>Pimenteiras concorrer\u00e1 na pr\u00f3xima quarta-feira (28) ao pr\u00eamio \u201cPrefeito Realizador\u201d, promovido pelo Sistema Meio Norte de Comunica\u00e7\u00e3o. Pimenteiras ir\u00e1 concorrer na categoria agricultura com o projeto Inclus\u00e3o Produtiva, realizado pelas secretarias de agricultura e assist\u00eancia social. O projeto assiste a 10 fam\u00edlias ingeridas no Programa Bolsa Fam\u00edlia, que trabalham com piscicultura e horta comunit\u00e1ria.<\/p>\n<p>\u201cA prefeitura entrou com a infraestrutura e assist\u00eancia e as fam\u00edlias est\u00e3o produzindo h\u00e1 quase um ano\u201d disse o secretario de agricultura Reinaldo Paiva, que destacou a parceria com a assist\u00eancia social do munic\u00edpio. \u201cA secret\u00e1ria Carmelina Castro foi uma pe\u00e7a important\u00edssima nesse projeto, entre outras coisas ela disponibilizou a assistente social Concei\u00e7\u00e3o Cortez que fez um trabalho bel\u00edssimo no projeto\u201d destacou.<\/p>\n","protected":false},"excerpt":{"rendered":"<p>Pimenteiras concorrer\u00e1 na pr\u00f3xima quarta-feira (28) ao pr\u00eamio \u201cPrefeito Realizador\u201d, promovido pelo Sistema Meio Norte de Comunica\u00e7\u00e3o. Pimenteiras ir\u00e1 concorrer na categoria agricultura com o projeto Inclus\u00e3o Produtiva, realizado pelas&#8230;<\/p>\n","protected":false},"author":1,"featured_media":0,"comment_status":"open","ping_status":"open","sticky":false,"template":"","format":"standard","meta":{"ngg_post_thumbnail":0,"footnotes":""},"categories":[12],"tags":[],"class_list":["post-18211","post","type-post","status-publish","format-standard","hentry","category-valenca-news"],"views":306,"meta_data":{"thumb":"https:\/\/portalv1.com.br\/app\/wp-content\/uploads\/2014\/05\/01.jpg","data":{"simple":"22\/05\/2014","date_time":"22\/05\/2014 13:57:21","date":"h\u00e1 12 anos"},"chapeu":"Sistema Meio Norte","source":"slide"},"_links":{"self":[{"href":"https:\/\/portalv1.com.br\/api\/wp\/v2\/posts\/18211","targetHints":{"allow":["GET"]}}],"collection":[{"href":"https:\/\/portalv1.com.br\/api\/wp\/v2\/posts"}],"about":[{"href":"https:\/\/portalv1.com.br\/api\/wp\/v2\/types\/post"}],"author":[{"embeddable":true,"href":"https:\/\/portalv1.com.br\/api\/wp\/v2\/users\/1"}],"replies":[{"embeddable":true,"href":"https:\/\/portalv1.com.br\/api\/wp\/v2\/comments?post=18211"}],"version-history":[{"count":0,"href":"https:\/\/portalv1.com.br\/api\/wp\/v2\/posts\/18211\/revisions"}],"wp:attachment":[{"href":"https:\/\/portalv1.com.br\/api\/wp\/v2\/media?parent=18211"}],"wp:term":[{"taxonomy":"category","embeddable":true,"href":"https:\/\/portalv1.com.br\/api\/wp\/v2\/categories?post=18211"},{"taxonomy":"post_tag","embeddable":true,"href":"https:\/\/portalv1.com.br\/api\/wp\/v2\/tags?post=18211"}],"curies":[{"name":"wp","href":"https:\/\/api.w.org\/{rel}","templated":true}]}}