{"id":18213,"date":"2014-05-22T17:09:14","date_gmt":"2014-05-22T20:09:14","guid":{"rendered":"https:\/\/portalv1.com.br\/?p=18213"},"modified":"2014-05-22T17:09:14","modified_gmt":"2014-05-22T20:09:14","slug":"paulistana-e-uniao-sediam-encontros-ouvindo-o-piaui","status":"publish","type":"post","link":"https:\/\/portalv1.com.br\/paulistana-e-uniao-sediam-encontros-ouvindo-o-piaui\/","title":{"rendered":"Paulistana e Uni\u00e3o sediam encontros \u201cOuvindo o Piau\u00ed\u201d"},"content":{"rendered":"<figure id=\"attachment_18214\" aria-describedby=\"caption-attachment-18214\" style=\"width: 300px\" class=\"wp-caption alignright\"><a href=\"https:\/\/portalv1.com.br\/app\/wp-content\/uploads\/2014\/05\/marcelo-castro.jpg\"><img loading=\"lazy\" decoding=\"async\" class=\"size-medium wp-image-18214\" src=\"https:\/\/portalv1.com.br\/app\/wp-content\/uploads\/2014\/05\/marcelo-castro-300x199.jpg\" alt=\"Deputado Marcelo Castro\" width=\"300\" height=\"199\" srcset=\"https:\/\/portalv1.com.br\/app\/wp-content\/uploads\/2014\/05\/marcelo-castro-300x199.jpg 300w, https:\/\/portalv1.com.br\/app\/wp-content\/uploads\/2014\/05\/marcelo-castro.jpg 520w\" sizes=\"auto, (max-width: 300px) 100vw, 300px\" \/><\/a><figcaption id=\"caption-attachment-18214\" class=\"wp-caption-text\">Deputado Marcelo Castro<\/figcaption><\/figure>\n<p class=\"ecxMsoNormal\" style=\"color: #444444;\">Os munic\u00edpios de Paulistana e Uni\u00e3o sediam neste final de semana mais duas edi\u00e7\u00f5es dos semin\u00e1rios \u201cOuvindo o Piau\u00ed\u201d. Os encontros t\u00eam como objetivo ouvir propostas acerca de temas estrat\u00e9gicos, visando \u00e0 confec\u00e7\u00e3o do Plano de Governo do pr\u00e9-candidato do PMDB ao Governo do Estado, o deputado federal Marcelo Castro. O evento acontece em Paulistana no s\u00e1bado (24) e em Uni\u00e3o no domingo (25).<\/p>\n<p class=\"ecxMsoNormal\" style=\"color: #444444;\">Promovido pelo PMDB, o \u201cOuvindo o Piau\u00ed\u201d realiza discuss\u00f5es regionalizadas e setorizadas. Em cada munic\u00edpio, s\u00e3o debatidas as demandas da regi\u00e3o em que est\u00e1 inserido. As discuss\u00f5es se d\u00e3o em torno de quatro eixos tem\u00e1ticos: educa\u00e7\u00e3o, sa\u00fade, seguran\u00e7a p\u00fablica e desenvolvimento econ\u00f4mico. Inicialmente, s\u00e3o realizadas oficinas tem\u00e1ticas, seguidas de debate geral entre todos os participantes do encontro.<\/p>\n<p class=\"ecxMsoNormal\" style=\"color: #444444;\">\u201cEsses debates s\u00e3o essenciais para que possamos montar um Plano de Governo alinhado ao que a popula\u00e7\u00e3o realmente almeja. Essa \u00e9 uma iniciativa in\u00e9dita; pela primeira vez um partido est\u00e1 promovendo encontros em cada regi\u00e3o do Piau\u00ed para ouvir as principais demandas de cada munic\u00edpio\u201d, comentou Marcelo Castro, ressaltando a boa receptividade das edi\u00e7\u00f5es anteriores do Ouvindo o Piau\u00ed.<\/p>\n<p class=\"ecxMsoNormal\" style=\"color: #444444;\">Em Paulistana, o evento mobilizar\u00e1, al\u00e9m do munic\u00edpio-sede, as cidades de Acau\u00e3, Bet\u00e2nia do Piau\u00ed, Jacobina do Piau\u00ed, Queimada Nova, Patos do Piau\u00ed, Curral Novo do Piau\u00ed, Caridade do Piau\u00ed e S\u00e3o Francisco de Assis do Piau\u00ed. J\u00e1 o encontro de domingo envolver\u00e1 Uni\u00e3o, Jos\u00e9 de Freitas, Miguel Alves e Lagoa Alegre.<\/p>\n<p>&nbsp;<\/p>\n","protected":false},"excerpt":{"rendered":"<p>Os munic\u00edpios de Paulistana e Uni\u00e3o sediam neste final de semana mais duas edi\u00e7\u00f5es dos semin\u00e1rios \u201cOuvindo o Piau\u00ed\u201d. Os encontros t\u00eam como objetivo ouvir propostas acerca de temas estrat\u00e9gicos,&#8230;<\/p>\n","protected":false},"author":1,"featured_media":0,"comment_status":"open","ping_status":"open","sticky":false,"template":"","format":"standard","meta":{"ngg_post_thumbnail":0,"footnotes":""},"categories":[12],"tags":[],"class_list":["post-18213","post","type-post","status-publish","format-standard","hentry","category-valenca-news"],"views":229,"meta_data":{"thumb":"https:\/\/portalv1.com.br\/app\/wp-content\/uploads\/2014\/05\/marcelo-castro.jpg","data":{"simple":"22\/05\/2014","date_time":"22\/05\/2014 14:09:14","date":"h\u00e1 12 anos"},"chapeu":"","source":"m_destacada"},"_links":{"self":[{"href":"https:\/\/portalv1.com.br\/api\/wp\/v2\/posts\/18213","targetHints":{"allow":["GET"]}}],"collection":[{"href":"https:\/\/portalv1.com.br\/api\/wp\/v2\/posts"}],"about":[{"href":"https:\/\/portalv1.com.br\/api\/wp\/v2\/types\/post"}],"author":[{"embeddable":true,"href":"https:\/\/portalv1.com.br\/api\/wp\/v2\/users\/1"}],"replies":[{"embeddable":true,"href":"https:\/\/portalv1.com.br\/api\/wp\/v2\/comments?post=18213"}],"version-history":[{"count":0,"href":"https:\/\/portalv1.com.br\/api\/wp\/v2\/posts\/18213\/revisions"}],"wp:attachment":[{"href":"https:\/\/portalv1.com.br\/api\/wp\/v2\/media?parent=18213"}],"wp:term":[{"taxonomy":"category","embeddable":true,"href":"https:\/\/portalv1.com.br\/api\/wp\/v2\/categories?post=18213"},{"taxonomy":"post_tag","embeddable":true,"href":"https:\/\/portalv1.com.br\/api\/wp\/v2\/tags?post=18213"}],"curies":[{"name":"wp","href":"https:\/\/api.w.org\/{rel}","templated":true}]}}