{"id":18281,"date":"2014-05-31T18:59:05","date_gmt":"2014-05-31T21:59:05","guid":{"rendered":"https:\/\/portalv1.com.br\/?p=18281"},"modified":"2014-05-31T19:01:43","modified_gmt":"2014-05-31T22:01:43","slug":"valenciano-preside-solenidade-de-abertura-do-salipi-em-teresina","status":"publish","type":"post","link":"https:\/\/portalv1.com.br\/valenciano-preside-solenidade-de-abertura-do-salipi-em-teresina\/","title":{"rendered":"Valenciano preside solenidade de abertura do SALIPI em Teresina"},"content":{"rendered":"<figure id=\"attachment_12974\" aria-describedby=\"caption-attachment-12974\" style=\"width: 300px\" class=\"wp-caption alignright\"><a href=\"https:\/\/portalv1.com.br\/app\/wp-content\/uploads\/2012\/04\/kassiogomes.jpg\"><img loading=\"lazy\" decoding=\"async\" class=\"wp-image-12974 size-full\" src=\"https:\/\/portalv1.com.br\/app\/wp-content\/uploads\/2012\/04\/kassiogomes.jpg\" alt=\"K\u00e1ssio Gomes, presidente da Funda\u00e7\u00e3o Quixote estar\u00e1 a frente.\" width=\"300\" height=\"206\" \/><\/a><figcaption id=\"caption-attachment-12974\" class=\"wp-caption-text\">O valenciano K\u00e1ssio Gomes, presidente da Funda\u00e7\u00e3o Quixote estar\u00e1 a frente.<\/figcaption><\/figure>\n<p>O valenciano K\u00e1ssio Gomes presidente da Funda\u00e7\u00e3o Quixote esteve \u00e0 frente da solenidade de abertura da 12\u00aa Edi\u00e7\u00e3o do Sal\u00e3o do Livro do Piau\u00ed (SALIPI) realizada nesta sexta-feira (30) na Universidade Federal do Piau\u00ed (UFPI) em Teresina. A solenidade contou com a presen\u00e7a do prefeito Firmino Filho e outras autoridades.<\/p>\n<p>O tema deste ano \u00e9: &#8220;Quem n\u00e3o l\u00ea n\u00e3o v\u00ea&#8221;, homenageia o teatr\u00f3logo piauiense Jos\u00e9 Gomes Campos e lembra ainda o centen\u00e1rio de morte de Augusto dos Anjos. K\u00e1ssio Gomes destacou a estrutura oferecida para o sal\u00e3o. &#8220;Na Ufpi, o Sal\u00e3o conta com um espa\u00e7o amplo, com estacionamento, seguran\u00e7a, uma temperatura mais amena, com muitas sombras e aqui todo o p\u00fablico vai poder vivenciar o livro e a leitura de uma forma ainda mais prazerosa&#8221;, destaca K\u00e1ssio Gomes.<\/p>\n<p>Paralelo ao Sal\u00e3o, ocorre o Semin\u00e1rio L\u00edngua Viva, que est\u00e1 na 17\u00aa edi\u00e7\u00e3o. Nele ser\u00e3o apresentadas palestras de grandes nomes do universo acad\u00eamico e cultural. Est\u00e3o confirmados os autores: Fabr\u00edcio Carpinejar (RS), Laurentino Gomes(PR), Alexis Levitin (EUA), Sheryl Saint Germain (EUA), dentre outros.<\/p>\n<p>O bate-papo liter\u00e1rio iniciou suas atividades neste s\u00e1bado (31) com a participa\u00e7\u00e3o do poeta Thiago E, Aristides Oliveira e Dem\u00e9trius Galv\u00e3o falando da revista Acrobata.<\/p>\n<p>O Salipi segue at\u00e9 o dia 08 de junho e conta tamb\u00e9m apresenta\u00e7\u00f5es musicais que \u00a0ser\u00e3o realizadas no Espa\u00e7o Cultural No\u00e9 Mendes com o palco Marcus Peixoto, a partir das 18h30. A programa\u00e7\u00e3o completa est\u00e1 dispon\u00edvel no site oficial do Salipi (<a href=\"http:\/\/www.salipi.com.br\">www.salipi.com.br<\/a>).<\/p>\n<p>&nbsp;<\/p>\n<p>Colabora\u00e7\u00e3o: cidadeverde<\/p>\n","protected":false},"excerpt":{"rendered":"<p>O valenciano K\u00e1ssio Gomes presidente da Funda\u00e7\u00e3o Quixote esteve \u00e0 frente da solenidade de abertura da 12\u00aa Edi\u00e7\u00e3o do Sal\u00e3o do Livro do Piau\u00ed (SALIPI) realizada nesta sexta-feira (30) na&#8230;<\/p>\n","protected":false},"author":1,"featured_media":0,"comment_status":"open","ping_status":"open","sticky":false,"template":"","format":"standard","meta":{"ngg_post_thumbnail":0,"footnotes":""},"categories":[12],"tags":[],"class_list":["post-18281","post","type-post","status-publish","format-standard","hentry","category-valenca-news"],"views":485,"meta_data":{"thumb":"https:\/\/portalv1.com.br\/app\/wp-content\/uploads\/2012\/04\/kassiogomes.jpg","data":{"simple":"31\/05\/2014","date_time":"31\/05\/2014 15:59:05","date":"h\u00e1 12 anos"},"chapeu":"12\u00aa Edi\u00e7\u00e3o ","source":"slide"},"_links":{"self":[{"href":"https:\/\/portalv1.com.br\/api\/wp\/v2\/posts\/18281","targetHints":{"allow":["GET"]}}],"collection":[{"href":"https:\/\/portalv1.com.br\/api\/wp\/v2\/posts"}],"about":[{"href":"https:\/\/portalv1.com.br\/api\/wp\/v2\/types\/post"}],"author":[{"embeddable":true,"href":"https:\/\/portalv1.com.br\/api\/wp\/v2\/users\/1"}],"replies":[{"embeddable":true,"href":"https:\/\/portalv1.com.br\/api\/wp\/v2\/comments?post=18281"}],"version-history":[{"count":0,"href":"https:\/\/portalv1.com.br\/api\/wp\/v2\/posts\/18281\/revisions"}],"wp:attachment":[{"href":"https:\/\/portalv1.com.br\/api\/wp\/v2\/media?parent=18281"}],"wp:term":[{"taxonomy":"category","embeddable":true,"href":"https:\/\/portalv1.com.br\/api\/wp\/v2\/categories?post=18281"},{"taxonomy":"post_tag","embeddable":true,"href":"https:\/\/portalv1.com.br\/api\/wp\/v2\/tags?post=18281"}],"curies":[{"name":"wp","href":"https:\/\/api.w.org\/{rel}","templated":true}]}}