{"id":18396,"date":"2014-06-10T17:03:13","date_gmt":"2014-06-10T20:03:13","guid":{"rendered":"https:\/\/portalv1.com.br\/?p=18396"},"modified":"2014-06-10T17:03:13","modified_gmt":"2014-06-10T20:03:13","slug":"walfredo-filho-consegue-liminar-e-volta-a-prefeitura-de-valenca","status":"publish","type":"post","link":"https:\/\/portalv1.com.br\/walfredo-filho-consegue-liminar-e-volta-a-prefeitura-de-valenca\/","title":{"rendered":"Walfredo Filho consegue liminar e volta \u00e0 prefeitura de Valen\u00e7a"},"content":{"rendered":"<figure id=\"attachment_18329\" aria-describedby=\"caption-attachment-18329\" style=\"width: 300px\" class=\"wp-caption alignright\"><a href=\"https:\/\/portalv1.com.br\/app\/wp-content\/uploads\/2014\/06\/paula-e-walfredo.jpg\"><img loading=\"lazy\" decoding=\"async\" class=\"size-medium wp-image-18329\" src=\"https:\/\/portalv1.com.br\/app\/wp-content\/uploads\/2014\/06\/paula-e-walfredo-300x225.jpg\" alt=\"Vice Paula Jeanne e prefeitos Walfredo Filho\" width=\"300\" height=\"225\" srcset=\"https:\/\/portalv1.com.br\/app\/wp-content\/uploads\/2014\/06\/paula-e-walfredo-300x225.jpg 300w, https:\/\/portalv1.com.br\/app\/wp-content\/uploads\/2014\/06\/paula-e-walfredo.jpg 640w\" sizes=\"auto, (max-width: 300px) 100vw, 300px\" \/><\/a><figcaption id=\"caption-attachment-18329\" class=\"wp-caption-text\">Vice Paula Jeanne e prefeitos Walfredo Filho<\/figcaption><\/figure>\n<p>O prefeito Walfredo Filho e a vice Paula Jeanne que tiveram seus diplomas cassados na ultima quinta-feira (05), pela Justi\u00e7a Eleitoral (18\u00aa Zona Eleitoral) conseguiram uma a\u00e7\u00e3o cautelar com pedido de liminar favor\u00e1vel e retornaram aos seus respectivos cargos at\u00e9 uma decis\u00e3o final do TRE-PI, que ainda n\u00e3o tem data para acontecer.<\/p>\n<p>Com a decis\u00e3o, o realinhamento pol\u00edtico volta \u00e0 normalidade em Valen\u00e7a, ou seja, a presidenta da c\u00e2mara vereadora Ielva Mel\u00e3o que foi empossada no ultimo s\u00e1bado (07) retorna ao comando do Legislativo Municipal e o vice-presidente Benedito Gomes, que havia assumido a presid\u00eancia retorna ao seu posto original.<\/p>\n<p>Em sua decis\u00e3o, o juiz relator Dr. Jos\u00e9 Gonzaga Carneiro optou pelo retorno do prefeito e da vice at\u00e9 uma decis\u00e3o final. \u201cPela concess\u00e3o da liminar, sem ouvir a parte adversa, para atribuir efeito suspensivo ao recurso eleitoral tempestivamente interposto contra a decis\u00e3o proferida at\u00e9 o pronunciamento definitivo do Tribunal Regional Eleitoral do Piau\u00ed\u201d disse. A decis\u00e3o do magistrado deve ser publicada nesta quarta-feira, 11 de junho.<\/p>\n","protected":false},"excerpt":{"rendered":"<p>O prefeito Walfredo Filho e a vice Paula Jeanne que tiveram seus diplomas cassados na ultima quinta-feira (05), pela Justi\u00e7a Eleitoral (18\u00aa Zona Eleitoral) conseguiram uma a\u00e7\u00e3o cautelar com pedido&#8230;<\/p>\n","protected":false},"author":1,"featured_media":0,"comment_status":"open","ping_status":"open","sticky":false,"template":"","format":"standard","meta":{"ngg_post_thumbnail":0,"footnotes":""},"categories":[12],"tags":[],"class_list":["post-18396","post","type-post","status-publish","format-standard","hentry","category-valenca-news"],"views":1951,"meta_data":{"thumb":"https:\/\/portalv1.com.br\/app\/wp-content\/uploads\/2014\/06\/paula-e-walfredo.jpg","data":{"simple":"10\/06\/2014","date_time":"10\/06\/2014 14:03:13","date":"h\u00e1 12 anos"},"chapeu":"Realinhamento ","source":"slide"},"_links":{"self":[{"href":"https:\/\/portalv1.com.br\/api\/wp\/v2\/posts\/18396","targetHints":{"allow":["GET"]}}],"collection":[{"href":"https:\/\/portalv1.com.br\/api\/wp\/v2\/posts"}],"about":[{"href":"https:\/\/portalv1.com.br\/api\/wp\/v2\/types\/post"}],"author":[{"embeddable":true,"href":"https:\/\/portalv1.com.br\/api\/wp\/v2\/users\/1"}],"replies":[{"embeddable":true,"href":"https:\/\/portalv1.com.br\/api\/wp\/v2\/comments?post=18396"}],"version-history":[{"count":0,"href":"https:\/\/portalv1.com.br\/api\/wp\/v2\/posts\/18396\/revisions"}],"wp:attachment":[{"href":"https:\/\/portalv1.com.br\/api\/wp\/v2\/media?parent=18396"}],"wp:term":[{"taxonomy":"category","embeddable":true,"href":"https:\/\/portalv1.com.br\/api\/wp\/v2\/categories?post=18396"},{"taxonomy":"post_tag","embeddable":true,"href":"https:\/\/portalv1.com.br\/api\/wp\/v2\/tags?post=18396"}],"curies":[{"name":"wp","href":"https:\/\/api.w.org\/{rel}","templated":true}]}}