{"id":184540,"date":"2024-02-01T16:45:23","date_gmt":"2024-02-01T19:45:23","guid":{"rendered":"https:\/\/portalv1.com.br\/?p=184540"},"modified":"2024-02-01T14:13:01","modified_gmt":"2024-02-01T17:13:01","slug":"campanha-solidaria-em-favor-do-adolescente-jorge-fernando-e-realizada-em-valenca","status":"publish","type":"post","link":"https:\/\/portalv1.com.br\/campanha-solidaria-em-favor-do-adolescente-jorge-fernando-e-realizada-em-valenca\/","title":{"rendered":"Campanha solid\u00e1ria em favor do adolescente Jorge Fernando \u00e9 realizada em Valen\u00e7a"},"content":{"rendered":"<p>Mais uma campanha solid\u00e1ria \u00e9 realizada em Valen\u00e7a do Piau\u00ed. Dessa vez em favor do adolescente Jorge Fernando de 13 anos. O adolescente foi diagnosticado com um glioma difuso (c\u00e2ncer na cabe\u00e7a).<\/p>\n<p>Jorge Fernando precisa dar in\u00edcio a um tratamento na capital Teresina e sua m\u00e3e n\u00e3o tem condi\u00e7\u00f5es para custear toda a manuten\u00e7\u00e3o do tratamento. Todas as pessoas s\u00e3o chamadas a contribuir com essa fam\u00edlia que passa por esse momento dif\u00edcil.<\/p>\n<p>Aqueles que desejam fazer sua doa\u00e7\u00e3o podem realizar via pix CPF 022 162 373 61 \/ Jackeline Lopes de Sousa Silva.<\/p>\n<p><a href=\"https:\/\/portalv1.com.br\/app\/wp-content\/uploads\/2024\/02\/jorge.jpg\"><img loading=\"lazy\" decoding=\"async\" class=\"aligncenter size-large wp-image-184541\" src=\"https:\/\/portalv1.com.br\/app\/wp-content\/uploads\/2024\/02\/jorge-640x1138.jpg\" alt=\"\" width=\"600\" height=\"1067\" srcset=\"https:\/\/portalv1.com.br\/app\/wp-content\/uploads\/2024\/02\/jorge-640x1138.jpg 640w, https:\/\/portalv1.com.br\/app\/wp-content\/uploads\/2024\/02\/jorge-300x534.jpg 300w, https:\/\/portalv1.com.br\/app\/wp-content\/uploads\/2024\/02\/jorge-768x1366.jpg 768w, https:\/\/portalv1.com.br\/app\/wp-content\/uploads\/2024\/02\/jorge-864x1536.jpg 864w, https:\/\/portalv1.com.br\/app\/wp-content\/uploads\/2024\/02\/jorge.jpg 899w\" sizes=\"auto, (max-width: 600px) 100vw, 600px\" \/><\/a><\/p>\n","protected":false},"excerpt":{"rendered":"<p>Mais uma campanha solid\u00e1ria \u00e9 realizada em Valen\u00e7a do Piau\u00ed. Dessa vez em favor do adolescente Jorge Fernando de 13 anos. O adolescente foi diagnosticado com um glioma difuso (c\u00e2ncer&#8230;<\/p>\n","protected":false},"author":1,"featured_media":184544,"comment_status":"open","ping_status":"open","sticky":false,"template":"","format":"standard","meta":{"ngg_post_thumbnail":0,"footnotes":""},"categories":[243],"tags":[],"class_list":["post-184540","post","type-post","status-publish","format-standard","has-post-thumbnail","hentry","category-geral"],"views":519,"meta_data":{"thumb":"https:\/\/portalv1.com.br\/app\/wp-content\/uploads\/2024\/02\/ert.jpg","imagem":{"fullsize":{"url":"https:\/\/portalv1.com.br\/app\/wp-content\/uploads\/2024\/02\/ert.jpg","width":899,"height":511},"medium":{"url":"https:\/\/portalv1.com.br\/app\/wp-content\/uploads\/2024\/02\/ert-300x171.jpg","width":300,"height":171},"large":{"url":"https:\/\/portalv1.com.br\/app\/wp-content\/uploads\/2024\/02\/ert-640x364.jpg","width":640,"height":364},"thumbnail":{"url":"https:\/\/portalv1.com.br\/app\/wp-content\/uploads\/2024\/02\/ert-100x100.jpg","width":100,"height":100},"medium_large":{"url":"https:\/\/portalv1.com.br\/app\/wp-content\/uploads\/2024\/02\/ert-768x437.jpg","width":768,"height":437}},"data":{"simple":"01\/02\/2024","date_time":"01\/02\/2024 13:45:23","date":"h\u00e1 2 anos"},"chapeu":"Saiba Detalhes ","source":"slide"},"_links":{"self":[{"href":"https:\/\/portalv1.com.br\/api\/wp\/v2\/posts\/184540","targetHints":{"allow":["GET"]}}],"collection":[{"href":"https:\/\/portalv1.com.br\/api\/wp\/v2\/posts"}],"about":[{"href":"https:\/\/portalv1.com.br\/api\/wp\/v2\/types\/post"}],"author":[{"embeddable":true,"href":"https:\/\/portalv1.com.br\/api\/wp\/v2\/users\/1"}],"replies":[{"embeddable":true,"href":"https:\/\/portalv1.com.br\/api\/wp\/v2\/comments?post=184540"}],"version-history":[{"count":0,"href":"https:\/\/portalv1.com.br\/api\/wp\/v2\/posts\/184540\/revisions"}],"wp:featuredmedia":[{"embeddable":true,"href":"https:\/\/portalv1.com.br\/api\/wp\/v2\/media\/184544"}],"wp:attachment":[{"href":"https:\/\/portalv1.com.br\/api\/wp\/v2\/media?parent=184540"}],"wp:term":[{"taxonomy":"category","embeddable":true,"href":"https:\/\/portalv1.com.br\/api\/wp\/v2\/categories?post=184540"},{"taxonomy":"post_tag","embeddable":true,"href":"https:\/\/portalv1.com.br\/api\/wp\/v2\/tags?post=184540"}],"curies":[{"name":"wp","href":"https:\/\/api.w.org\/{rel}","templated":true}]}}