{"id":184877,"date":"2024-02-02T11:21:40","date_gmt":"2024-02-02T14:21:40","guid":{"rendered":"https:\/\/portalv1.com.br\/?p=184877"},"modified":"2024-02-02T11:21:40","modified_gmt":"2024-02-02T14:21:40","slug":"piaui-atinge-97-de-cobertura-vacinal-contra-a-aftosa","status":"publish","type":"post","link":"https:\/\/portalv1.com.br\/piaui-atinge-97-de-cobertura-vacinal-contra-a-aftosa\/","title":{"rendered":"Piau\u00ed atinge 97% de cobertura vacinal contra a aftosa"},"content":{"rendered":"<p>O Piau\u00ed alcan\u00e7ou 97,13% de cobertura vacinal do rebanho de bov\u00eddeos na segunda etapa da campanha de vacina\u00e7\u00e3o contra a febre aftosa, realizada no final de 2023. O \u00edndice, divulgado nesta quinta-feira (01\/02), \u00e9 um passo importante para tornar o estado zona livre da aftosa sem vacina\u00e7\u00e3o.<\/p>\n<p>F\u00e1bio Abreu, que comanda a Secretaria de Estado da Assist\u00eancia T\u00e9cnica e Defesa Agropecu\u00e1ria (SADA), destaca que o \u00edndice denota o comprometimento dos criadores com a vacina\u00e7\u00e3o e o esfor\u00e7o dos t\u00e9cnicos da Ag\u00eancia de Defesa Agropecu\u00e1ria do Estado do Piau\u00ed e da SADA para o cumprimento das metas impostas pelo Minist\u00e9rio da Agricultura e Pecu\u00e1ria.&nbsp;<\/p>\n<p>\u201c\u00c9 algo hist\u00f3rico para o estado do Piau\u00ed nos termos alcan\u00e7ado este \u00edndice. E se deve \u00e0 colabora\u00e7\u00e3o dos t\u00e9cnicos da nossa institui\u00e7\u00e3o e da ADAPI, que \u00e9 a grande respons\u00e1vel e a compreens\u00e3o dos propriet\u00e1rios e produtores no que se refere \u00e0 cobertura vacinal. O estado do Piau\u00ed est\u00e1 pleiteado sair da classifica\u00e7\u00e3o que se encontra hoje, de um estado livre da aftosa, por\u00e9m com vacina\u00e7\u00e3o\u201d, disse Abreu.<a href=\"https:\/\/portalv1.com.br\/app\/wp-content\/uploads\/2023\/06\/aftosa.jpg\"><img loading=\"lazy\" decoding=\"async\" class=\"aligncenter size-large wp-image-146748\" src=\"https:\/\/portalv1.com.br\/app\/wp-content\/uploads\/2023\/06\/aftosa-640x427.jpg\" alt=\"\" width=\"600\" height=\"400\" srcset=\"https:\/\/portalv1.com.br\/app\/wp-content\/uploads\/2023\/06\/aftosa-640x427.jpg 640w, https:\/\/portalv1.com.br\/app\/wp-content\/uploads\/2023\/06\/aftosa-300x200.jpg 300w, https:\/\/portalv1.com.br\/app\/wp-content\/uploads\/2023\/06\/aftosa-768x512.jpg 768w, https:\/\/portalv1.com.br\/app\/wp-content\/uploads\/2023\/06\/aftosa.jpg 790w\" sizes=\"auto, (max-width: 600px) 100vw, 600px\" \/><\/a><\/p>\n<p>Fonte: meionorte.com<\/p>\n","protected":false},"excerpt":{"rendered":"<p>O Piau\u00ed alcan\u00e7ou 97,13% de cobertura vacinal do rebanho de bov\u00eddeos na segunda etapa da campanha de vacina\u00e7\u00e3o contra a febre aftosa, realizada no final de 2023. O \u00edndice, divulgado&#8230;<\/p>\n","protected":false},"author":1,"featured_media":84501,"comment_status":"open","ping_status":"open","sticky":false,"template":"","format":"standard","meta":{"ngg_post_thumbnail":0,"footnotes":""},"categories":[243],"tags":[],"class_list":["post-184877","post","type-post","status-publish","format-standard","has-post-thumbnail","hentry","category-geral"],"views":82,"meta_data":{"thumb":"https:\/\/portalv1.com.br\/app\/wp-content\/uploads\/2020\/02\/Fabio-Abreu-Copy.jpg","imagem":{"fullsize":{"url":"https:\/\/portalv1.com.br\/app\/wp-content\/uploads\/2020\/02\/Fabio-Abreu-Copy.jpg","width":640,"height":480},"medium":{"url":"https:\/\/portalv1.com.br\/app\/wp-content\/uploads\/2020\/02\/Fabio-Abreu-Copy-300x225.jpg","width":300,"height":225},"thumbnail":{"url":"https:\/\/portalv1.com.br\/app\/wp-content\/uploads\/2020\/02\/Fabio-Abreu-Copy-100x100.jpg","width":100,"height":100}},"data":{"simple":"02\/02\/2024","date_time":"02\/02\/2024 08:21:40","date":"h\u00e1 2 anos"},"chapeu":"Saiba Detalhes ","source":"m_destacada"},"_links":{"self":[{"href":"https:\/\/portalv1.com.br\/api\/wp\/v2\/posts\/184877","targetHints":{"allow":["GET"]}}],"collection":[{"href":"https:\/\/portalv1.com.br\/api\/wp\/v2\/posts"}],"about":[{"href":"https:\/\/portalv1.com.br\/api\/wp\/v2\/types\/post"}],"author":[{"embeddable":true,"href":"https:\/\/portalv1.com.br\/api\/wp\/v2\/users\/1"}],"replies":[{"embeddable":true,"href":"https:\/\/portalv1.com.br\/api\/wp\/v2\/comments?post=184877"}],"version-history":[{"count":0,"href":"https:\/\/portalv1.com.br\/api\/wp\/v2\/posts\/184877\/revisions"}],"wp:featuredmedia":[{"embeddable":true,"href":"https:\/\/portalv1.com.br\/api\/wp\/v2\/media\/84501"}],"wp:attachment":[{"href":"https:\/\/portalv1.com.br\/api\/wp\/v2\/media?parent=184877"}],"wp:term":[{"taxonomy":"category","embeddable":true,"href":"https:\/\/portalv1.com.br\/api\/wp\/v2\/categories?post=184877"},{"taxonomy":"post_tag","embeddable":true,"href":"https:\/\/portalv1.com.br\/api\/wp\/v2\/tags?post=184877"}],"curies":[{"name":"wp","href":"https:\/\/api.w.org\/{rel}","templated":true}]}}