{"id":185363,"date":"2024-02-06T22:04:22","date_gmt":"2024-02-07T01:04:22","guid":{"rendered":"https:\/\/portalv1.com.br\/?p=185363"},"modified":"2024-02-07T12:17:38","modified_gmt":"2024-02-07T15:17:38","slug":"tony-feitosa-assina-ficha-de-filiacao-ao-partido-dos-trabalhadores-de-pimenteiras","status":"publish","type":"post","link":"https:\/\/portalv1.com.br\/tony-feitosa-assina-ficha-de-filiacao-ao-partido-dos-trabalhadores-de-pimenteiras\/","title":{"rendered":"Tony Feitosa assina ficha de filia\u00e7\u00e3o ao Partido dos Trabalhadores de Pimenteiras"},"content":{"rendered":"<p>O evento de filia\u00e7\u00e3o do empres\u00e1rio Tony Feitosa ao Partido dos Trabalhadores de Pimenteiras, nesta ter\u00e7a-feira (6), foi realizado em clima de festa e prestigio pol\u00edtico.<\/p>\n<p>Devido a import\u00e2ncia do momento, o evento foi realizado na sede do Partido dos Trabalhadores, na capital, com a presen\u00e7a de lideran\u00e7as estaduais que abonaram a ficha de filia\u00e7\u00e3o mostrando que o pr\u00e9-candidato Tony Feitosa ter\u00e1 todo o apoio do partido na campanha que se avizinha.<\/p>\n<p>O deputado estadual Dr. Vinicius disse acreditar no sucesso da campanha em Pimenteiras. \u201cEsse cen\u00e1rio apresentado agora com a entrada do Tony como candidato bate de frente com a gest\u00e3o atual e temos reais possibilidades de colocarmos o PT na prefeitura de Pimenteiras\u201d, disse o deputado.<\/p>\n<p>Esse entusiasmo foi seguido pelos vereadores de Pimenteiras Carla Santos e Davilan, ex-prefeitos Nonato Marreiros e Netinho, entre outras lideran\u00e7as pol\u00edticas do munic\u00edpio, como o presidente municipal do PT Reinaldo Paiva, que afirmou que a pr\u00e9-campanha de Tony Feitosa vem ganhando volume a cada dia e com o apoio do governador Rafael, do ministro Wellington Dias e do MDB a chance de vit\u00f3ria \u00e9 real.<\/p>\n<p>Em sua fala, Tony Feitosa saudou os presentes, agradeceu ainda aos deputados Pablo Santos, Severo Eul\u00e1lio, Fl\u00e1vio Nogueira pelas mensagens e falou de sua hist\u00f3ria com Pimenteiras e do convite para liderar a oposi\u00e7\u00e3o e afirmou que depois de andar e conversar muito com a popula\u00e7\u00e3o e de ver os problemas que a cidade enfrenta aceitou o convite.<\/p>\n<p>\u201cA gente tem andado muito, a receptividade tem sido muito boa, muito calorosa e estamos a\u00ed com esse projeto pra caminharmos juntos\u201d, apontou.<\/p>\n<div class=\"ngg-galleryoverview\" id=\"1\">\n                    <div data-widget=\"Galeria\" data-props=\"{&quot;galeria&quot;:{&quot;max_page&quot;:1,&quot;total&quot;:12,&quot;gallery_id&quot;:1,&quot;images&quot;:[{&quot;thumbcode&quot;:&quot;https:\\\/\\\/portalv1.com.br\\\/app\\\/wp-content\\\/uploads\\\/2024\\\/02\\\/Imagem-do-WhatsApp-de-2024-02-06-as-19.23.59_5a004190-Copy-400x250.jpg&quot;,&quot;imageURL&quot;:&quot;https:\\\/\\\/portalv1.com.br\\\/app\\\/wp-content\\\/uploads\\\/2024\\\/02\\\/Imagem-do-WhatsApp-de-2024-02-06-as-19.23.59_5a004190-Copy.jpg&quot;,&quot;pid&quot;:185364,&quot;galleryid&quot;:1,&quot;description&quot;:&quot;&quot;,&quot;alttext&quot;:&quot;Tony Feitosa assina ficha de filia\\u00e7\\u00e3o ao Partido dos Trabalhadores de Pimenteiras&quot;,&quot;thumbnailURL&quot;:&quot;https:\\\/\\\/portalv1.com.br\\\/app\\\/wp-content\\\/uploads\\\/2024\\\/02\\\/Imagem-do-WhatsApp-de-2024-02-06-as-19.23.59_5a004190-Copy-400x250.jpg&quot;,&quot;style&quot;:&quot;&quot;},{&quot;thumbcode&quot;:&quot;https:\\\/\\\/portalv1.com.br\\\/app\\\/wp-content\\\/uploads\\\/2024\\\/02\\\/Imagem-do-WhatsApp-de-2024-02-06-as-19.23.59_5f96f3c9-Copy-400x250.jpg&quot;,&quot;imageURL&quot;:&quot;https:\\\/\\\/portalv1.com.br\\\/app\\\/wp-content\\\/uploads\\\/2024\\\/02\\\/Imagem-do-WhatsApp-de-2024-02-06-as-19.23.59_5f96f3c9-Copy.jpg&quot;,&quot;pid&quot;:185365,&quot;galleryid&quot;:1,&quot;description&quot;:&quot;&quot;,&quot;alttext&quot;:&quot;Tony Feitosa assina ficha de filia\\u00e7\\u00e3o ao Partido dos Trabalhadores de Pimenteiras&quot;,&quot;thumbnailURL&quot;:&quot;https:\\\/\\\/portalv1.com.br\\\/app\\\/wp-content\\\/uploads\\\/2024\\\/02\\\/Imagem-do-WhatsApp-de-2024-02-06-as-19.23.59_5f96f3c9-Copy-400x250.jpg&quot;,&quot;style&quot;:&quot;&quot;},{&quot;thumbcode&quot;:&quot;https:\\\/\\\/portalv1.com.br\\\/app\\\/wp-content\\\/uploads\\\/2024\\\/02\\\/Imagem-do-WhatsApp-de-2024-02-06-as-19.23.59_7cbb6345-Copy-400x250.jpg&quot;,&quot;imageURL&quot;:&quot;https:\\\/\\\/portalv1.com.br\\\/app\\\/wp-content\\\/uploads\\\/2024\\\/02\\\/Imagem-do-WhatsApp-de-2024-02-06-as-19.23.59_7cbb6345-Copy.jpg&quot;,&quot;pid&quot;:185366,&quot;galleryid&quot;:1,&quot;description&quot;:&quot;&quot;,&quot;alttext&quot;:&quot;Tony Feitosa assina ficha de filia\\u00e7\\u00e3o ao Partido dos Trabalhadores de Pimenteiras&quot;,&quot;thumbnailURL&quot;:&quot;https:\\\/\\\/portalv1.com.br\\\/app\\\/wp-content\\\/uploads\\\/2024\\\/02\\\/Imagem-do-WhatsApp-de-2024-02-06-as-19.23.59_7cbb6345-Copy-400x250.jpg&quot;,&quot;style&quot;:&quot;&quot;},{&quot;thumbcode&quot;:&quot;https:\\\/\\\/portalv1.com.br\\\/app\\\/wp-content\\\/uploads\\\/2024\\\/02\\\/Imagem-do-WhatsApp-de-2024-02-06-as-19.23.59_1251ac1f-Copy-400x250.jpg&quot;,&quot;imageURL&quot;:&quot;https:\\\/\\\/portalv1.com.br\\\/app\\\/wp-content\\\/uploads\\\/2024\\\/02\\\/Imagem-do-WhatsApp-de-2024-02-06-as-19.23.59_1251ac1f-Copy.jpg&quot;,&quot;pid&quot;:185367,&quot;galleryid&quot;:1,&quot;description&quot;:&quot;&quot;,&quot;alttext&quot;:&quot;Tony Feitosa assina ficha de filia\\u00e7\\u00e3o ao Partido dos Trabalhadores de Pimenteiras&quot;,&quot;thumbnailURL&quot;:&quot;https:\\\/\\\/portalv1.com.br\\\/app\\\/wp-content\\\/uploads\\\/2024\\\/02\\\/Imagem-do-WhatsApp-de-2024-02-06-as-19.23.59_1251ac1f-Copy-400x250.jpg&quot;,&quot;style&quot;:&quot;&quot;},{&quot;thumbcode&quot;:&quot;https:\\\/\\\/portalv1.com.br\\\/app\\\/wp-content\\\/uploads\\\/2024\\\/02\\\/Imagem-do-WhatsApp-de-2024-02-06-as-19.23.59_21826aa2-Copy-400x250.jpg&quot;,&quot;imageURL&quot;:&quot;https:\\\/\\\/portalv1.com.br\\\/app\\\/wp-content\\\/uploads\\\/2024\\\/02\\\/Imagem-do-WhatsApp-de-2024-02-06-as-19.23.59_21826aa2-Copy.jpg&quot;,&quot;pid&quot;:185368,&quot;galleryid&quot;:1,&quot;description&quot;:&quot;&quot;,&quot;alttext&quot;:&quot;Tony Feitosa assina ficha de filia\\u00e7\\u00e3o ao Partido dos Trabalhadores de Pimenteiras&quot;,&quot;thumbnailURL&quot;:&quot;https:\\\/\\\/portalv1.com.br\\\/app\\\/wp-content\\\/uploads\\\/2024\\\/02\\\/Imagem-do-WhatsApp-de-2024-02-06-as-19.23.59_21826aa2-Copy-400x250.jpg&quot;,&quot;style&quot;:&quot;&quot;},{&quot;thumbcode&quot;:&quot;https:\\\/\\\/portalv1.com.br\\\/app\\\/wp-content\\\/uploads\\\/2024\\\/02\\\/Imagem-do-WhatsApp-de-2024-02-06-as-19.23.59_839086fb-Copy-400x250.jpg&quot;,&quot;imageURL&quot;:&quot;https:\\\/\\\/portalv1.com.br\\\/app\\\/wp-content\\\/uploads\\\/2024\\\/02\\\/Imagem-do-WhatsApp-de-2024-02-06-as-19.23.59_839086fb-Copy.jpg&quot;,&quot;pid&quot;:185369,&quot;galleryid&quot;:1,&quot;description&quot;:&quot;&quot;,&quot;alttext&quot;:&quot;Tony Feitosa assina ficha de filia\\u00e7\\u00e3o ao Partido dos Trabalhadores de Pimenteiras&quot;,&quot;thumbnailURL&quot;:&quot;https:\\\/\\\/portalv1.com.br\\\/app\\\/wp-content\\\/uploads\\\/2024\\\/02\\\/Imagem-do-WhatsApp-de-2024-02-06-as-19.23.59_839086fb-Copy-400x250.jpg&quot;,&quot;style&quot;:&quot;&quot;},{&quot;thumbcode&quot;:&quot;https:\\\/\\\/portalv1.com.br\\\/app\\\/wp-content\\\/uploads\\\/2024\\\/02\\\/Imagem-do-WhatsApp-de-2024-02-06-as-19.23.59_aa7c5ad3-Copy-400x250.jpg&quot;,&quot;imageURL&quot;:&quot;https:\\\/\\\/portalv1.com.br\\\/app\\\/wp-content\\\/uploads\\\/2024\\\/02\\\/Imagem-do-WhatsApp-de-2024-02-06-as-19.23.59_aa7c5ad3-Copy.jpg&quot;,&quot;pid&quot;:185370,&quot;galleryid&quot;:1,&quot;description&quot;:&quot;&quot;,&quot;alttext&quot;:&quot;Tony Feitosa assina ficha de filia\\u00e7\\u00e3o ao Partido dos Trabalhadores de Pimenteiras&quot;,&quot;thumbnailURL&quot;:&quot;https:\\\/\\\/portalv1.com.br\\\/app\\\/wp-content\\\/uploads\\\/2024\\\/02\\\/Imagem-do-WhatsApp-de-2024-02-06-as-19.23.59_aa7c5ad3-Copy-400x250.jpg&quot;,&quot;style&quot;:&quot;&quot;},{&quot;thumbcode&quot;:&quot;https:\\\/\\\/portalv1.com.br\\\/app\\\/wp-content\\\/uploads\\\/2024\\\/02\\\/Imagem-do-WhatsApp-de-2024-02-06-as-19.23.59_c76947cd-Copy-400x250.jpg&quot;,&quot;imageURL&quot;:&quot;https:\\\/\\\/portalv1.com.br\\\/app\\\/wp-content\\\/uploads\\\/2024\\\/02\\\/Imagem-do-WhatsApp-de-2024-02-06-as-19.23.59_c76947cd-Copy.jpg&quot;,&quot;pid&quot;:185371,&quot;galleryid&quot;:1,&quot;description&quot;:&quot;&quot;,&quot;alttext&quot;:&quot;Tony Feitosa assina ficha de filia\\u00e7\\u00e3o ao Partido dos Trabalhadores de Pimenteiras&quot;,&quot;thumbnailURL&quot;:&quot;https:\\\/\\\/portalv1.com.br\\\/app\\\/wp-content\\\/uploads\\\/2024\\\/02\\\/Imagem-do-WhatsApp-de-2024-02-06-as-19.23.59_c76947cd-Copy-400x250.jpg&quot;,&quot;style&quot;:&quot;&quot;},{&quot;thumbcode&quot;:&quot;https:\\\/\\\/portalv1.com.br\\\/app\\\/wp-content\\\/uploads\\\/2024\\\/02\\\/Imagem-do-WhatsApp-de-2024-02-06-as-19.23.59_dba2ca49-Copy-400x250.jpg&quot;,&quot;imageURL&quot;:&quot;https:\\\/\\\/portalv1.com.br\\\/app\\\/wp-content\\\/uploads\\\/2024\\\/02\\\/Imagem-do-WhatsApp-de-2024-02-06-as-19.23.59_dba2ca49-Copy.jpg&quot;,&quot;pid&quot;:185372,&quot;galleryid&quot;:1,&quot;description&quot;:&quot;&quot;,&quot;alttext&quot;:&quot;Tony Feitosa assina ficha de filia\\u00e7\\u00e3o ao Partido dos Trabalhadores de Pimenteiras&quot;,&quot;thumbnailURL&quot;:&quot;https:\\\/\\\/portalv1.com.br\\\/app\\\/wp-content\\\/uploads\\\/2024\\\/02\\\/Imagem-do-WhatsApp-de-2024-02-06-as-19.23.59_dba2ca49-Copy-400x250.jpg&quot;,&quot;style&quot;:&quot;&quot;},{&quot;thumbcode&quot;:&quot;https:\\\/\\\/portalv1.com.br\\\/app\\\/wp-content\\\/uploads\\\/2024\\\/02\\\/Imagem-do-WhatsApp-de-2024-02-06-as-19.23.59_df4eeda0-Copy-400x250.jpg&quot;,&quot;imageURL&quot;:&quot;https:\\\/\\\/portalv1.com.br\\\/app\\\/wp-content\\\/uploads\\\/2024\\\/02\\\/Imagem-do-WhatsApp-de-2024-02-06-as-19.23.59_df4eeda0-Copy.jpg&quot;,&quot;pid&quot;:185373,&quot;galleryid&quot;:1,&quot;description&quot;:&quot;&quot;,&quot;alttext&quot;:&quot;Tony Feitosa assina ficha de filia\\u00e7\\u00e3o ao Partido dos Trabalhadores de Pimenteiras&quot;,&quot;thumbnailURL&quot;:&quot;https:\\\/\\\/portalv1.com.br\\\/app\\\/wp-content\\\/uploads\\\/2024\\\/02\\\/Imagem-do-WhatsApp-de-2024-02-06-as-19.23.59_df4eeda0-Copy-400x250.jpg&quot;,&quot;style&quot;:&quot;&quot;},{&quot;thumbcode&quot;:&quot;https:\\\/\\\/portalv1.com.br\\\/app\\\/wp-content\\\/uploads\\\/2024\\\/02\\\/Imagem-do-WhatsApp-de-2024-02-06-as-19.23.59_ea43543f-Copy-400x250.jpg&quot;,&quot;imageURL&quot;:&quot;https:\\\/\\\/portalv1.com.br\\\/app\\\/wp-content\\\/uploads\\\/2024\\\/02\\\/Imagem-do-WhatsApp-de-2024-02-06-as-19.23.59_ea43543f-Copy.jpg&quot;,&quot;pid&quot;:185374,&quot;galleryid&quot;:1,&quot;description&quot;:&quot;&quot;,&quot;alttext&quot;:&quot;Tony Feitosa assina ficha de filia\\u00e7\\u00e3o ao Partido dos Trabalhadores de Pimenteiras&quot;,&quot;thumbnailURL&quot;:&quot;https:\\\/\\\/portalv1.com.br\\\/app\\\/wp-content\\\/uploads\\\/2024\\\/02\\\/Imagem-do-WhatsApp-de-2024-02-06-as-19.23.59_ea43543f-Copy-400x250.jpg&quot;,&quot;style&quot;:&quot;&quot;},{&quot;thumbcode&quot;:&quot;https:\\\/\\\/portalv1.com.br\\\/app\\\/wp-content\\\/uploads\\\/2024\\\/02\\\/Imagem-do-WhatsApp-de-2024-02-06-as-19.23.59_f8cc3a05-Copy-400x250.jpg&quot;,&quot;imageURL&quot;:&quot;https:\\\/\\\/portalv1.com.br\\\/app\\\/wp-content\\\/uploads\\\/2024\\\/02\\\/Imagem-do-WhatsApp-de-2024-02-06-as-19.23.59_f8cc3a05-Copy.jpg&quot;,&quot;pid&quot;:185375,&quot;galleryid&quot;:1,&quot;description&quot;:&quot;&quot;,&quot;alttext&quot;:&quot;Tony Feitosa assina ficha de filia\\u00e7\\u00e3o ao Partido dos Trabalhadores de Pimenteiras&quot;,&quot;thumbnailURL&quot;:&quot;https:\\\/\\\/portalv1.com.br\\\/app\\\/wp-content\\\/uploads\\\/2024\\\/02\\\/Imagem-do-WhatsApp-de-2024-02-06-as-19.23.59_f8cc3a05-Copy-400x250.jpg&quot;,&quot;style&quot;:&quot;&quot;}]}}\"><\/div>\n                  <\/div>\n","protected":false},"excerpt":{"rendered":"<p>O evento de filia\u00e7\u00e3o do empres\u00e1rio Tony Feitosa ao Partido dos Trabalhadores de Pimenteiras, nesta ter\u00e7a-feira (6), foi realizado em clima de festa e prestigio pol\u00edtico. Devido a import\u00e2ncia do&#8230;<\/p>\n","protected":false},"author":1,"featured_media":185369,"comment_status":"open","ping_status":"open","sticky":false,"template":"","format":"standard","meta":{"ngg_post_thumbnail":0,"footnotes":""},"categories":[243],"tags":[],"class_list":["post-185363","post","type-post","status-publish","format-standard","has-post-thumbnail","hentry","category-geral"],"views":564,"meta_data":{"thumb":"https:\/\/portalv1.com.br\/app\/wp-content\/uploads\/2024\/02\/Imagem-do-WhatsApp-de-2024-02-06-as-19.23.59_839086fb-Copy.jpg","imagem":{"fullsize":{"url":"https:\/\/portalv1.com.br\/app\/wp-content\/uploads\/2024\/02\/Imagem-do-WhatsApp-de-2024-02-06-as-19.23.59_839086fb-Copy.jpg","width":1280,"height":960},"medium":{"url":"https:\/\/portalv1.com.br\/app\/wp-content\/uploads\/2024\/02\/Imagem-do-WhatsApp-de-2024-02-06-as-19.23.59_839086fb-Copy-300x225.jpg","width":300,"height":225},"large":{"url":"https:\/\/portalv1.com.br\/app\/wp-content\/uploads\/2024\/02\/Imagem-do-WhatsApp-de-2024-02-06-as-19.23.59_839086fb-Copy-640x480.jpg","width":640,"height":480},"thumbnail":{"url":"https:\/\/portalv1.com.br\/app\/wp-content\/uploads\/2024\/02\/Imagem-do-WhatsApp-de-2024-02-06-as-19.23.59_839086fb-Copy-100x100.jpg","width":100,"height":100},"medium_large":{"url":"https:\/\/portalv1.com.br\/app\/wp-content\/uploads\/2024\/02\/Imagem-do-WhatsApp-de-2024-02-06-as-19.23.59_839086fb-Copy-768x576.jpg","width":768,"height":576}},"data":{"simple":"06\/02\/2024","date_time":"06\/02\/2024 19:04:22","date":"h\u00e1 2 anos"},"chapeu":"Elei\u00e7\u00f5es 2024","source":"slide"},"_links":{"self":[{"href":"https:\/\/portalv1.com.br\/api\/wp\/v2\/posts\/185363","targetHints":{"allow":["GET"]}}],"collection":[{"href":"https:\/\/portalv1.com.br\/api\/wp\/v2\/posts"}],"about":[{"href":"https:\/\/portalv1.com.br\/api\/wp\/v2\/types\/post"}],"author":[{"embeddable":true,"href":"https:\/\/portalv1.com.br\/api\/wp\/v2\/users\/1"}],"replies":[{"embeddable":true,"href":"https:\/\/portalv1.com.br\/api\/wp\/v2\/comments?post=185363"}],"version-history":[{"count":0,"href":"https:\/\/portalv1.com.br\/api\/wp\/v2\/posts\/185363\/revisions"}],"wp:featuredmedia":[{"embeddable":true,"href":"https:\/\/portalv1.com.br\/api\/wp\/v2\/media\/185369"}],"wp:attachment":[{"href":"https:\/\/portalv1.com.br\/api\/wp\/v2\/media?parent=185363"}],"wp:term":[{"taxonomy":"category","embeddable":true,"href":"https:\/\/portalv1.com.br\/api\/wp\/v2\/categories?post=185363"},{"taxonomy":"post_tag","embeddable":true,"href":"https:\/\/portalv1.com.br\/api\/wp\/v2\/tags?post=185363"}],"curies":[{"name":"wp","href":"https:\/\/api.w.org\/{rel}","templated":true}]}}