{"id":185722,"date":"2024-02-08T10:06:11","date_gmt":"2024-02-08T13:06:11","guid":{"rendered":"https:\/\/portalv1.com.br\/?p=185722"},"modified":"2024-02-08T10:06:11","modified_gmt":"2024-02-08T13:06:11","slug":"pre-candidato-a-prefeito-de-pimenteiras-tony-feitosa-e-recebido-no-palacio-de-karnak","status":"publish","type":"post","link":"https:\/\/portalv1.com.br\/pre-candidato-a-prefeito-de-pimenteiras-tony-feitosa-e-recebido-no-palacio-de-karnak\/","title":{"rendered":"Pr\u00e9-candidato a prefeito de Pimenteiras Tony Feitosa \u00e9 recebido no Pal\u00e1cio de Karnak"},"content":{"rendered":"<p>O pr\u00e9-candidato a prefeito de Pimenteiras, Tony Feitosa, se reuniu nesta quarta-feira (07), no Pal\u00e1cio de Karnak, sede do governo do estado, com o secret\u00e1rio de Governo, Marcelo Nolleto. Na pauta do encontro estavam as elei\u00e7\u00f5es de 2024 em Pimenteiras e a formaliza\u00e7\u00e3o do apoio do Governador Rafael Fonteles a pr\u00e9-campanha de Tony Feitosa que se filiou na \u00faltima ter\u00e7a-feira, 06 de fevereiro ao Partido dos Trabalhadores.<\/p>\n<p>O pr\u00e9-candidato Tony Feitosa estava acompanhado dos ex-prefeitos Nonato Marreiros e Netinho, dos vereadores Carla Santos e Davilan Dantas e do presidente do diret\u00f3rio municipal do PT, Reinaldo Paiva.<\/p>\n<p>Na oportunidade, o secret\u00e1rio Marcelo Nolleto parabenizou Tony Feitosa pela filia\u00e7\u00e3o ao Partido dos Trabalhadores e confirmou que ele ter\u00e1 todo o apoio na pr\u00e9 e na campanha n\u00e3o s\u00f3 do governador Rafael, mas de todo o time capitaneado pelo presidente&nbsp;Lula.<a href=\"https:\/\/portalv1.com.br\/app\/wp-content\/uploads\/2024\/02\/tony-Copy.jpg\"><img loading=\"lazy\" decoding=\"async\" class=\"aligncenter size-large wp-image-185725\" src=\"https:\/\/portalv1.com.br\/app\/wp-content\/uploads\/2024\/02\/tony-Copy-640x480.jpg\" alt=\"\" width=\"600\" height=\"450\" srcset=\"https:\/\/portalv1.com.br\/app\/wp-content\/uploads\/2024\/02\/tony-Copy-640x480.jpg 640w, https:\/\/portalv1.com.br\/app\/wp-content\/uploads\/2024\/02\/tony-Copy-300x225.jpg 300w, https:\/\/portalv1.com.br\/app\/wp-content\/uploads\/2024\/02\/tony-Copy-768x576.jpg 768w, https:\/\/portalv1.com.br\/app\/wp-content\/uploads\/2024\/02\/tony-Copy-1536x1152.jpg 1536w, https:\/\/portalv1.com.br\/app\/wp-content\/uploads\/2024\/02\/tony-Copy.jpg 1600w\" sizes=\"auto, (max-width: 600px) 100vw, 600px\" \/><\/a> <a href=\"https:\/\/portalv1.com.br\/app\/wp-content\/uploads\/2024\/02\/tony-1-Copy.jpg\"><img loading=\"lazy\" decoding=\"async\" class=\"aligncenter size-large wp-image-185726\" src=\"https:\/\/portalv1.com.br\/app\/wp-content\/uploads\/2024\/02\/tony-1-Copy-640x480.jpg\" alt=\"\" width=\"600\" height=\"450\" srcset=\"https:\/\/portalv1.com.br\/app\/wp-content\/uploads\/2024\/02\/tony-1-Copy-640x480.jpg 640w, https:\/\/portalv1.com.br\/app\/wp-content\/uploads\/2024\/02\/tony-1-Copy-300x225.jpg 300w, https:\/\/portalv1.com.br\/app\/wp-content\/uploads\/2024\/02\/tony-1-Copy-768x576.jpg 768w, https:\/\/portalv1.com.br\/app\/wp-content\/uploads\/2024\/02\/tony-1-Copy-1536x1152.jpg 1536w, https:\/\/portalv1.com.br\/app\/wp-content\/uploads\/2024\/02\/tony-1-Copy.jpg 1600w\" sizes=\"auto, (max-width: 600px) 100vw, 600px\" \/><\/a><\/p>\n","protected":false},"excerpt":{"rendered":"<p>O pr\u00e9-candidato a prefeito de Pimenteiras, Tony Feitosa, se reuniu nesta quarta-feira (07), no Pal\u00e1cio de Karnak, sede do governo do estado, com o secret\u00e1rio de Governo, Marcelo Nolleto. Na&#8230;<\/p>\n","protected":false},"author":1,"featured_media":185726,"comment_status":"open","ping_status":"open","sticky":false,"template":"","format":"standard","meta":{"ngg_post_thumbnail":0,"footnotes":""},"categories":[243],"tags":[],"class_list":["post-185722","post","type-post","status-publish","format-standard","has-post-thumbnail","hentry","category-geral"],"views":449,"meta_data":{"thumb":"https:\/\/portalv1.com.br\/app\/wp-content\/uploads\/2024\/02\/tony-1-Copy.jpg","imagem":{"fullsize":{"url":"https:\/\/portalv1.com.br\/app\/wp-content\/uploads\/2024\/02\/tony-1-Copy.jpg","width":1600,"height":1200},"medium":{"url":"https:\/\/portalv1.com.br\/app\/wp-content\/uploads\/2024\/02\/tony-1-Copy-300x225.jpg","width":300,"height":225},"large":{"url":"https:\/\/portalv1.com.br\/app\/wp-content\/uploads\/2024\/02\/tony-1-Copy-640x480.jpg","width":640,"height":480},"thumbnail":{"url":"https:\/\/portalv1.com.br\/app\/wp-content\/uploads\/2024\/02\/tony-1-Copy-100x100.jpg","width":100,"height":100},"medium_large":{"url":"https:\/\/portalv1.com.br\/app\/wp-content\/uploads\/2024\/02\/tony-1-Copy-768x576.jpg","width":768,"height":576},"1536x1536":{"url":"https:\/\/portalv1.com.br\/app\/wp-content\/uploads\/2024\/02\/tony-1-Copy-1536x1152.jpg","width":1536,"height":1152}},"data":{"simple":"08\/02\/2024","date_time":"08\/02\/2024 07:06:11","date":"h\u00e1 2 anos"},"chapeu":"Elei\u00e7\u00f5es 2024","source":"slide"},"_links":{"self":[{"href":"https:\/\/portalv1.com.br\/api\/wp\/v2\/posts\/185722","targetHints":{"allow":["GET"]}}],"collection":[{"href":"https:\/\/portalv1.com.br\/api\/wp\/v2\/posts"}],"about":[{"href":"https:\/\/portalv1.com.br\/api\/wp\/v2\/types\/post"}],"author":[{"embeddable":true,"href":"https:\/\/portalv1.com.br\/api\/wp\/v2\/users\/1"}],"replies":[{"embeddable":true,"href":"https:\/\/portalv1.com.br\/api\/wp\/v2\/comments?post=185722"}],"version-history":[{"count":0,"href":"https:\/\/portalv1.com.br\/api\/wp\/v2\/posts\/185722\/revisions"}],"wp:featuredmedia":[{"embeddable":true,"href":"https:\/\/portalv1.com.br\/api\/wp\/v2\/media\/185726"}],"wp:attachment":[{"href":"https:\/\/portalv1.com.br\/api\/wp\/v2\/media?parent=185722"}],"wp:term":[{"taxonomy":"category","embeddable":true,"href":"https:\/\/portalv1.com.br\/api\/wp\/v2\/categories?post=185722"},{"taxonomy":"post_tag","embeddable":true,"href":"https:\/\/portalv1.com.br\/api\/wp\/v2\/tags?post=185722"}],"curies":[{"name":"wp","href":"https:\/\/api.w.org\/{rel}","templated":true}]}}