{"id":185880,"date":"2024-02-08T14:57:31","date_gmt":"2024-02-08T17:57:31","guid":{"rendered":"https:\/\/portalv1.com.br\/?p=185880"},"modified":"2024-02-08T14:57:31","modified_gmt":"2024-02-08T17:57:31","slug":"renovacao-carismatica-de-valenca-divulga-programacao-do-festival-do-senhor-2024","status":"publish","type":"post","link":"https:\/\/portalv1.com.br\/renovacao-carismatica-de-valenca-divulga-programacao-do-festival-do-senhor-2024\/","title":{"rendered":"Renova\u00e7\u00e3o Carism\u00e1tica de Valen\u00e7a divulga programa\u00e7\u00e3o do Festival do Senhor 2024"},"content":{"rendered":"<p>Todos os anos durante o per\u00edodo carnavalesco, a Renova\u00e7\u00e3o Carism\u00e1tica Cat\u00f3lica de Valen\u00e7a do Piau\u00ed, realiza o Festival do Senhor. Este ano, o festival tem como tema: &#8220;Alegraram-se ao ver o Senhor&#8221; (Jo 20,20b).<\/p>\n<p>&nbsp;O evento tem in\u00edcio nesta sexta-feira (09), com a pr\u00e9via do Festival do Senhor, onde os membros dos grupos de ora\u00e7\u00e3o Tenda do Alt\u00edssimo e Nascidos do Esp\u00edrito Santo sair\u00e3o em carreata pelas ruas da cidade. A concentra\u00e7\u00e3o acontece \u00e0s 17h na matriz de S\u00e3o Francisco de Assis.<\/p>\n<p>A programa\u00e7\u00e3o normal do Festival do Senhor segue durante os dias 11, 12 e 13 de fevereiro, a partir das 14h no col\u00e9gio Santo Ant\u00f4nio. No festival tem momentos de louvor, prega\u00e7\u00f5es, adora\u00e7\u00e3o e missas.<\/p>\n<p>Al\u00e9m do encontro geral tamb\u00e9m \u00e9 realizado o Festivalzinho do Senhor para as crian\u00e7as. Com mais um diferencial, esse ano haver\u00e1 no dia 12, a partir das 20h, a Noite Carism\u00e1tica.<\/p>\n<p>O evento cat\u00f3lico \u00e9 uma op\u00e7\u00e3o para as pessoas que desejam vivenciar o momento festivo de carnaval de uma outra maneira.<\/p>\n<p><strong>Programa\u00e7\u00e3o-Festival do Senhor 2024<\/strong><\/p>\n<p>Dia 11\/02\/2024 &#8211; Domingo<\/p>\n<p>13:00h: Chegada dos servos (30min)<\/p>\n<p>13:30h: Ora\u00e7\u00e3o com os servos (30min)<\/p>\n<p>14:00h: Ter\u00e7o Mariano (30min)<\/p>\n<p>14:30h: Louvor (40min)<\/p>\n<p>15:10h: 1\u00b0Prega\u00e7\u00e3o: \u201cAlegraram-se ao ver o Senhor\u201d(Jo 20,20b) (50min)<\/p>\n<p>16:00h: Intervalo\/lanche (30min)<\/p>\n<p>16:30h: Retorno \/ Express\u00f5es art\u00edsticas (10min)<\/p>\n<p>16:40h: Louvor (30min)<\/p>\n<p>17:10h: 2\u00b0Prega\u00e7\u00e3o: \u201cEu te aprecio e te amo\u201d (Is 43,4b) (50min)<\/p>\n<p>18:00h: Adora\u00e7\u00e3o (30min)<\/p>\n<p>18:30h: Intervalo \/Organizar da missa (30min)<\/p>\n<p>19:00h: Santa Missa<\/p>\n<p><strong>Dia 12\/02\/2024 \u2013 Segunda-feira<\/strong><\/p>\n<p>13:00h: Chegada dos servos (30min)<\/p>\n<p>13:30h: Ora\u00e7\u00e3o com os servos (30min)<\/p>\n<p>14:00h: Ter\u00e7o miseric\u00f3rdia (20min)<\/p>\n<p>14:30h: Louvor (30min)<\/p>\n<p>15:10h: 3\u00b0Prega\u00e7\u00e3o: \u201cTeu pecado foi tirado e tua falta apagada\u201d (Is 6,7b) (50min)<\/p>\n<p>16:00h: Adora\u00e7\u00e3o (30 min)<\/p>\n<p>16:30h: Intervalo\/lanche (30 min)<\/p>\n<p>17:00h: Retorno\/Express\u00f5es art\u00edsticas (10min)<\/p>\n<p>17:10h: Louvor (30min)<\/p>\n<p>17:40h: 4\u00b0Prega\u00e7\u00e3o: \u201cFelizes os que creem sem ter visto\u201d (Jo 20,29b) (50min)<\/p>\n<p>18:10h: Intervalo longo<\/p>\n<p>20:00h: Noite Carism\u00e1tica (Minist\u00e9rio de M\u00fasica e o DJ)<\/p>\n<p><strong>Dia 13\/02\/2024 &#8211; Ter\u00e7a-feira <\/strong><\/p>\n<p>13:00h: Chegada dos servos (30min)<\/p>\n<p>13:30h: Ora\u00e7\u00e3o com os servos (30min)<\/p>\n<p>14:00h: Ter\u00e7o do Esp\u00edrito Santo (30min)<\/p>\n<p>14:30h: Louvor (40 min)<\/p>\n<p>15:10h: 5\u00b0Prega\u00e7\u00e3o: \u201cO Senhor teu Deus est\u00e1 no meio de ti com um her\u00f3i Salvador\u201d<\/p>\n<p>(Sf 3,17) (50min)<\/p>\n<p>16:00h: Intervalo (30min)<\/p>\n<p>16:30h: Louvor (30min)<\/p>\n<p>17:00h: 6\u00b0Prega\u00e7\u00e3o:\u201cFarei entrar em v\u00f3s o sopro da vida\u201d (Ez 37,6b)<\/p>\n<p>18:00h: Intervalo\/ Organizar a missa (30min)<\/p>\n<p>18:30h: Santa Missa<\/p>\n<p><a href=\"https:\/\/portalv1.com.br\/app\/wp-content\/uploads\/2024\/02\/Imagem-do-WhatsApp-de-2024-02-08-as-13.56.44_04a22329.jpg\"><img loading=\"lazy\" decoding=\"async\" class=\"aligncenter size-large wp-image-185881\" src=\"https:\/\/portalv1.com.br\/app\/wp-content\/uploads\/2024\/02\/Imagem-do-WhatsApp-de-2024-02-08-as-13.56.44_04a22329-640x800.jpg\" alt=\"\" width=\"600\" height=\"750\" srcset=\"https:\/\/portalv1.com.br\/app\/wp-content\/uploads\/2024\/02\/Imagem-do-WhatsApp-de-2024-02-08-as-13.56.44_04a22329-640x800.jpg 640w, https:\/\/portalv1.com.br\/app\/wp-content\/uploads\/2024\/02\/Imagem-do-WhatsApp-de-2024-02-08-as-13.56.44_04a22329-300x375.jpg 300w, https:\/\/portalv1.com.br\/app\/wp-content\/uploads\/2024\/02\/Imagem-do-WhatsApp-de-2024-02-08-as-13.56.44_04a22329-768x960.jpg 768w, https:\/\/portalv1.com.br\/app\/wp-content\/uploads\/2024\/02\/Imagem-do-WhatsApp-de-2024-02-08-as-13.56.44_04a22329.jpg 1080w\" sizes=\"auto, (max-width: 600px) 100vw, 600px\" \/><\/a> <a href=\"https:\/\/portalv1.com.br\/app\/wp-content\/uploads\/2024\/02\/Imagem-do-WhatsApp-de-2024-02-08-as-13.56.44_849d37ac.jpg\"><img loading=\"lazy\" decoding=\"async\" class=\"aligncenter size-large wp-image-185882\" src=\"https:\/\/portalv1.com.br\/app\/wp-content\/uploads\/2024\/02\/Imagem-do-WhatsApp-de-2024-02-08-as-13.56.44_849d37ac-640x800.jpg\" alt=\"\" width=\"600\" height=\"750\" srcset=\"https:\/\/portalv1.com.br\/app\/wp-content\/uploads\/2024\/02\/Imagem-do-WhatsApp-de-2024-02-08-as-13.56.44_849d37ac-640x800.jpg 640w, https:\/\/portalv1.com.br\/app\/wp-content\/uploads\/2024\/02\/Imagem-do-WhatsApp-de-2024-02-08-as-13.56.44_849d37ac-300x375.jpg 300w, https:\/\/portalv1.com.br\/app\/wp-content\/uploads\/2024\/02\/Imagem-do-WhatsApp-de-2024-02-08-as-13.56.44_849d37ac-768x960.jpg 768w, https:\/\/portalv1.com.br\/app\/wp-content\/uploads\/2024\/02\/Imagem-do-WhatsApp-de-2024-02-08-as-13.56.44_849d37ac.jpg 1080w\" sizes=\"auto, (max-width: 600px) 100vw, 600px\" \/><\/a><\/p>\n","protected":false},"excerpt":{"rendered":"<p>Todos os anos durante o per\u00edodo carnavalesco, a Renova\u00e7\u00e3o Carism\u00e1tica Cat\u00f3lica de Valen\u00e7a do Piau\u00ed, realiza o Festival do Senhor. Este ano, o festival tem como tema: &#8220;Alegraram-se ao ver&#8230;<\/p>\n","protected":false},"author":1,"featured_media":185883,"comment_status":"open","ping_status":"open","sticky":false,"template":"","format":"standard","meta":{"ngg_post_thumbnail":0,"footnotes":""},"categories":[243],"tags":[],"class_list":["post-185880","post","type-post","status-publish","format-standard","has-post-thumbnail","hentry","category-geral"],"views":294,"meta_data":{"thumb":"https:\/\/portalv1.com.br\/app\/wp-content\/uploads\/2024\/02\/ab.jpg","imagem":{"fullsize":{"url":"https:\/\/portalv1.com.br\/app\/wp-content\/uploads\/2024\/02\/ab.jpg","width":1080,"height":573},"medium":{"url":"https:\/\/portalv1.com.br\/app\/wp-content\/uploads\/2024\/02\/ab-300x159.jpg","width":300,"height":159},"large":{"url":"https:\/\/portalv1.com.br\/app\/wp-content\/uploads\/2024\/02\/ab-640x340.jpg","width":640,"height":340},"thumbnail":{"url":"https:\/\/portalv1.com.br\/app\/wp-content\/uploads\/2024\/02\/ab-100x100.jpg","width":100,"height":100},"medium_large":{"url":"https:\/\/portalv1.com.br\/app\/wp-content\/uploads\/2024\/02\/ab-768x407.jpg","width":768,"height":407}},"data":{"simple":"08\/02\/2024","date_time":"08\/02\/2024 11:57:31","date":"h\u00e1 2 anos"},"chapeu":"Saiba Detalhes ","source":"slide"},"_links":{"self":[{"href":"https:\/\/portalv1.com.br\/api\/wp\/v2\/posts\/185880","targetHints":{"allow":["GET"]}}],"collection":[{"href":"https:\/\/portalv1.com.br\/api\/wp\/v2\/posts"}],"about":[{"href":"https:\/\/portalv1.com.br\/api\/wp\/v2\/types\/post"}],"author":[{"embeddable":true,"href":"https:\/\/portalv1.com.br\/api\/wp\/v2\/users\/1"}],"replies":[{"embeddable":true,"href":"https:\/\/portalv1.com.br\/api\/wp\/v2\/comments?post=185880"}],"version-history":[{"count":0,"href":"https:\/\/portalv1.com.br\/api\/wp\/v2\/posts\/185880\/revisions"}],"wp:featuredmedia":[{"embeddable":true,"href":"https:\/\/portalv1.com.br\/api\/wp\/v2\/media\/185883"}],"wp:attachment":[{"href":"https:\/\/portalv1.com.br\/api\/wp\/v2\/media?parent=185880"}],"wp:term":[{"taxonomy":"category","embeddable":true,"href":"https:\/\/portalv1.com.br\/api\/wp\/v2\/categories?post=185880"},{"taxonomy":"post_tag","embeddable":true,"href":"https:\/\/portalv1.com.br\/api\/wp\/v2\/tags?post=185880"}],"curies":[{"name":"wp","href":"https:\/\/api.w.org\/{rel}","templated":true}]}}