{"id":18709,"date":"2014-06-25T18:22:52","date_gmt":"2014-06-25T21:22:52","guid":{"rendered":"https:\/\/portalv1.com.br\/?p=18709"},"modified":"2014-06-25T18:22:52","modified_gmt":"2014-06-25T21:22:52","slug":"policia-militar-prende-acusado-de-trafico-de-drogas-em-valenca","status":"publish","type":"post","link":"https:\/\/portalv1.com.br\/policia-militar-prende-acusado-de-trafico-de-drogas-em-valenca\/","title":{"rendered":"Policia Militar prende acusado de trafico de drogas em Valen\u00e7a"},"content":{"rendered":"<figure id=\"attachment_18710\" aria-describedby=\"caption-attachment-18710\" style=\"width: 300px\" class=\"wp-caption alignright\"><a href=\"https:\/\/portalv1.com.br\/app\/wp-content\/uploads\/2014\/06\/policia.jpg\"><img loading=\"lazy\" decoding=\"async\" class=\"wp-image-18710 size-medium\" src=\"https:\/\/portalv1.com.br\/app\/wp-content\/uploads\/2014\/06\/policia-300x225.jpg\" alt=\"policia\" width=\"300\" height=\"225\" srcset=\"https:\/\/portalv1.com.br\/app\/wp-content\/uploads\/2014\/06\/policia-300x225.jpg 300w, https:\/\/portalv1.com.br\/app\/wp-content\/uploads\/2014\/06\/policia.jpg 640w\" sizes=\"auto, (max-width: 300px) 100vw, 300px\" \/><\/a><figcaption id=\"caption-attachment-18710\" class=\"wp-caption-text\">Opera\u00e7\u00e3o policial<\/figcaption><\/figure>\n<p>Uma guarni\u00e7\u00e3o da policia militar de Valen\u00e7a prendeu nesta quarta-feira (25) Denilton Nascimento, sob acusa\u00e7\u00e3o de trafico de entorpecentes (maconha). A pris\u00e3o do acusado s\u00f3 foi poss\u00edvel gra\u00e7as a uma denuncia an\u00f4nima, dando conta que o mesmo estava na cidade de Inhuma em locais onde ocorre a venda e consumo de entorpecentes.<\/p>\n<p>De posse da informa\u00e7\u00e3o uma barreira foi montada na BR 316, pr\u00f3ximo a entrada de Valen\u00e7a onde ocorreu a pris\u00e3o. Com o acusado a policia encontrou tabletes de maconha prensada e apreendeu tamb\u00e9m uma mota com placa (NMU-2646) de Imperatriz Maranh\u00e3o, al\u00e9m de um aparelho celular.<\/p>\n<p>De acordo com o subcomandante da 2\u00aa\/4\u00ba BPM 1\u00ba tenente Gomes o sucesso dessa opera\u00e7\u00e3o deve-se a participa\u00e7\u00e3o direta da comunidade que de forma an\u00f4nima vem ajudando a policia a solucionar v\u00e1rios crimes de todas as ordens. O acusado foi levado para a delegacia para ser ouvido pelo delegado regional Maycon Braga.<\/p>\n","protected":false},"excerpt":{"rendered":"<p>Uma guarni\u00e7\u00e3o da policia militar de Valen\u00e7a prendeu nesta quarta-feira (25) Denilton Nascimento, sob acusa\u00e7\u00e3o de trafico de entorpecentes (maconha). A pris\u00e3o do acusado s\u00f3 foi poss\u00edvel gra\u00e7as a uma&#8230;<\/p>\n","protected":false},"author":1,"featured_media":0,"comment_status":"open","ping_status":"open","sticky":false,"template":"","format":"standard","meta":{"ngg_post_thumbnail":0,"footnotes":""},"categories":[12],"tags":[],"class_list":["post-18709","post","type-post","status-publish","format-standard","hentry","category-valenca-news"],"views":3891,"meta_data":{"thumb":"https:\/\/portalv1.com.br\/app\/wp-content\/uploads\/2014\/06\/policia.jpg","data":{"simple":"25\/06\/2014","date_time":"25\/06\/2014 15:22:52","date":"h\u00e1 12 anos"},"chapeu":"Veja detalhes","source":"slide"},"_links":{"self":[{"href":"https:\/\/portalv1.com.br\/api\/wp\/v2\/posts\/18709","targetHints":{"allow":["GET"]}}],"collection":[{"href":"https:\/\/portalv1.com.br\/api\/wp\/v2\/posts"}],"about":[{"href":"https:\/\/portalv1.com.br\/api\/wp\/v2\/types\/post"}],"author":[{"embeddable":true,"href":"https:\/\/portalv1.com.br\/api\/wp\/v2\/users\/1"}],"replies":[{"embeddable":true,"href":"https:\/\/portalv1.com.br\/api\/wp\/v2\/comments?post=18709"}],"version-history":[{"count":0,"href":"https:\/\/portalv1.com.br\/api\/wp\/v2\/posts\/18709\/revisions"}],"wp:attachment":[{"href":"https:\/\/portalv1.com.br\/api\/wp\/v2\/media?parent=18709"}],"wp:term":[{"taxonomy":"category","embeddable":true,"href":"https:\/\/portalv1.com.br\/api\/wp\/v2\/categories?post=18709"},{"taxonomy":"post_tag","embeddable":true,"href":"https:\/\/portalv1.com.br\/api\/wp\/v2\/tags?post=18709"}],"curies":[{"name":"wp","href":"https:\/\/api.w.org\/{rel}","templated":true}]}}