{"id":18777,"date":"2014-07-07T22:36:00","date_gmt":"2014-07-08T01:36:00","guid":{"rendered":"https:\/\/portalv1.com.br\/?p=18777"},"modified":"2014-07-07T22:55:13","modified_gmt":"2014-07-08T01:55:13","slug":"juiz-de-valenca-e-mais-tres-sao-punidos-pelo-tribunal-de-justica","status":"publish","type":"post","link":"https:\/\/portalv1.com.br\/juiz-de-valenca-e-mais-tres-sao-punidos-pelo-tribunal-de-justica\/","title":{"rendered":"Juiz de Valen\u00e7a e mais tr\u00eas s\u00e3o punidos pelo Tribunal de Justi\u00e7a"},"content":{"rendered":"<p><a href=\"https:\/\/portalv1.com.br\/app\/wp-content\/uploads\/2014\/07\/tribunal-de-justica.jpg\"><img loading=\"lazy\" decoding=\"async\" class=\"alignright size-medium wp-image-18778\" src=\"https:\/\/portalv1.com.br\/app\/wp-content\/uploads\/2014\/07\/tribunal-de-justica-300x200.jpg\" alt=\"tribunal de justi\u00e7a\" width=\"300\" height=\"200\" srcset=\"https:\/\/portalv1.com.br\/app\/wp-content\/uploads\/2014\/07\/tribunal-de-justica-300x200.jpg 300w, https:\/\/portalv1.com.br\/app\/wp-content\/uploads\/2014\/07\/tribunal-de-justica-640x427.jpg 640w, https:\/\/portalv1.com.br\/app\/wp-content\/uploads\/2014\/07\/tribunal-de-justica.jpg 665w\" sizes=\"auto, (max-width: 300px) 100vw, 300px\" \/><\/a>O pleno do Tribunal de Justi\u00e7a do Piau\u00ed puniu quatro ju\u00edzes durante sess\u00e3o administrativa que julgou falhas graves dos magistrados. Entre eles o juiz da nossa comarca Dr. Jos\u00e9 Wagner Linhares acusado de ac\u00famulo de processos. Dr. Wagner Linhares recebeu a pena de &#8220;Remo\u00e7\u00e3o Compuls\u00f3ria&#8221;. Com a decis\u00e3o o \u00a0magistrado ser\u00e1 removido de Valen\u00e7a, onde trabalha a mais de 10 anos.<\/p>\n<p>J\u00e1 dois ju\u00edzes, T\u00e2nia Louren\u00e7o Freitas, de Gilbu\u00e9s, e C\u00edcero Ferreira, de Canto do Buriti, foram afastados de suas atividades com aposentadoria compuls\u00f3ria. O magistrado C\u00edcero Ferreira da Silva \u00e9 acusado de favorecer empresas de fora durante julgamentos e T\u00e2nia Freitas respondeu por m\u00e1 gest\u00e3o na comarca.<\/p>\n<p>O juiz de Miguel Alves, Valdemir Alves tamb\u00e9m foi punido acusado de n\u00e3o julgar r\u00e9us presos. Na representa\u00e7\u00e3o, foi relatado um caso de preso que est\u00e1 h\u00e1 tr\u00eas anos sem julgamento no munic\u00edpio. O magistrado alegou falta de estrutura na comarca.<br \/>\nOs ju\u00edzes podem recorrer da pena ao CNJ (Conselho Nacional de Justi\u00e7a).<\/p>\n<p><strong>Adiado<\/strong><\/p>\n<p>Estava em pauta tamb\u00e9m os processos administrativos contra os ju\u00edzes Aderson Nogueira, quando era titular da comarca de Floriano, e Giln\u00e9ia Rocha, de Campo Maior. Aderson \u00e9 acusado de imparcialidade em processos e Giln\u00e9ia \u00e9 acusada de favorecer grupos no seguro Dpvat. O tribunal ir\u00e1 analisar os processos para saber se acolhe ou n\u00e3o as denuncias contra os dois magistrados.<\/p>\n<p>Colabora\u00e7\u00e3o: cidadeverde.com<\/p>\n","protected":false},"excerpt":{"rendered":"<p>O pleno do Tribunal de Justi\u00e7a do Piau\u00ed puniu quatro ju\u00edzes durante sess\u00e3o administrativa que julgou falhas graves dos magistrados. Entre eles o juiz da nossa comarca Dr. Jos\u00e9 Wagner&#8230;<\/p>\n","protected":false},"author":1,"featured_media":0,"comment_status":"open","ping_status":"open","sticky":false,"template":"","format":"standard","meta":{"ngg_post_thumbnail":0,"footnotes":""},"categories":[12],"tags":[],"class_list":["post-18777","post","type-post","status-publish","format-standard","hentry","category-valenca-news"],"views":1890,"meta_data":{"thumb":"https:\/\/portalv1.com.br\/app\/wp-content\/uploads\/2014\/07\/tribunal-de-justica.jpg","data":{"simple":"07\/07\/2014","date_time":"07\/07\/2014 19:36:00","date":"h\u00e1 12 anos"},"chapeu":"Veja a decis\u00e3o ","source":"slide"},"_links":{"self":[{"href":"https:\/\/portalv1.com.br\/api\/wp\/v2\/posts\/18777","targetHints":{"allow":["GET"]}}],"collection":[{"href":"https:\/\/portalv1.com.br\/api\/wp\/v2\/posts"}],"about":[{"href":"https:\/\/portalv1.com.br\/api\/wp\/v2\/types\/post"}],"author":[{"embeddable":true,"href":"https:\/\/portalv1.com.br\/api\/wp\/v2\/users\/1"}],"replies":[{"embeddable":true,"href":"https:\/\/portalv1.com.br\/api\/wp\/v2\/comments?post=18777"}],"version-history":[{"count":0,"href":"https:\/\/portalv1.com.br\/api\/wp\/v2\/posts\/18777\/revisions"}],"wp:attachment":[{"href":"https:\/\/portalv1.com.br\/api\/wp\/v2\/media?parent=18777"}],"wp:term":[{"taxonomy":"category","embeddable":true,"href":"https:\/\/portalv1.com.br\/api\/wp\/v2\/categories?post=18777"},{"taxonomy":"post_tag","embeddable":true,"href":"https:\/\/portalv1.com.br\/api\/wp\/v2\/tags?post=18777"}],"curies":[{"name":"wp","href":"https:\/\/api.w.org\/{rel}","templated":true}]}}