{"id":18787,"date":"2014-07-09T23:40:36","date_gmt":"2014-07-10T02:40:36","guid":{"rendered":"https:\/\/portalv1.com.br\/?p=18787"},"modified":"2014-07-09T23:40:36","modified_gmt":"2014-07-10T02:40:36","slug":"gerente-do-bradesco-e-encontrado-morto","status":"publish","type":"post","link":"https:\/\/portalv1.com.br\/gerente-do-bradesco-e-encontrado-morto\/","title":{"rendered":"Gerente do Bradesco \u00e9 encontrado morto"},"content":{"rendered":"<figure id=\"attachment_18788\" aria-describedby=\"caption-attachment-18788\" style=\"width: 300px\" class=\"wp-caption alignright\"><a href=\"https:\/\/portalv1.com.br\/app\/wp-content\/uploads\/2014\/07\/bra.jpg\"><img loading=\"lazy\" decoding=\"async\" class=\"size-medium wp-image-18788\" src=\"https:\/\/portalv1.com.br\/app\/wp-content\/uploads\/2014\/07\/bra-300x210.jpg\" alt=\"Jardel Walter\" width=\"300\" height=\"210\" srcset=\"https:\/\/portalv1.com.br\/app\/wp-content\/uploads\/2014\/07\/bra-300x210.jpg 300w, https:\/\/portalv1.com.br\/app\/wp-content\/uploads\/2014\/07\/bra.jpg 460w\" sizes=\"auto, (max-width: 300px) 100vw, 300px\" \/><\/a><figcaption id=\"caption-attachment-18788\" class=\"wp-caption-text\">Jardel Walter<\/figcaption><\/figure>\n<p style=\"color: #666666;\">O gerente administrativo do Bradesco de S\u00e3o Raimundo Nonato, Jardel Walter, 23 anos, foi encontrado morto com sinais de enforcamento na manh\u00e3 desta quarta-feira (9) em um matagal localizado na BR-020.<\/p>\n<p style=\"color: #666666;\">O corpo foi encontrado por policiais que passaram pelo local e encontraram o carro de Jardel estacionado na rodovia. Ele estava pendurado em uma \u00e1rvore e com uma corda no pesco\u00e7o. A Pol\u00edcia Civil de S\u00e3o Raimundo Nonato est\u00e1 investigando o caso, mas j\u00e1 descarta a hip\u00f3tese de homic\u00eddio. Alguns amigos ser\u00e3o ouvidos pela equipe de investiga\u00e7\u00e3o.<\/p>\n<p style=\"color: #666666;\">O fisioterapeuta Wenderson Castro, amigo de Jardel, afirmou que ele tomou caf\u00e9 com sua m\u00e3e e foi normalmente para mais um dia de trabalho no banco. \u2018\u2019Ele era uma pessoa muito alegre, forte e n\u00e3o demonstrava tristeza. Estou muito chocado\u2019\u2019, disse ele.<\/p>\n","protected":false},"excerpt":{"rendered":"<p>O gerente administrativo do Bradesco de S\u00e3o Raimundo Nonato, Jardel Walter, 23 anos, foi encontrado morto com sinais de enforcamento na manh\u00e3 desta quarta-feira (9) em um matagal localizado na&#8230;<\/p>\n","protected":false},"author":1,"featured_media":0,"comment_status":"open","ping_status":"open","sticky":false,"template":"","format":"standard","meta":{"ngg_post_thumbnail":0,"footnotes":""},"categories":[12],"tags":[],"class_list":["post-18787","post","type-post","status-publish","format-standard","hentry","category-valenca-news"],"views":1155,"meta_data":{"thumb":"https:\/\/portalv1.com.br\/app\/wp-content\/uploads\/2014\/07\/bra.jpg","data":{"simple":"09\/07\/2014","date_time":"09\/07\/2014 20:40:36","date":"h\u00e1 12 anos"},"chapeu":"Veja detalhes ","source":"m_destacada"},"_links":{"self":[{"href":"https:\/\/portalv1.com.br\/api\/wp\/v2\/posts\/18787","targetHints":{"allow":["GET"]}}],"collection":[{"href":"https:\/\/portalv1.com.br\/api\/wp\/v2\/posts"}],"about":[{"href":"https:\/\/portalv1.com.br\/api\/wp\/v2\/types\/post"}],"author":[{"embeddable":true,"href":"https:\/\/portalv1.com.br\/api\/wp\/v2\/users\/1"}],"replies":[{"embeddable":true,"href":"https:\/\/portalv1.com.br\/api\/wp\/v2\/comments?post=18787"}],"version-history":[{"count":0,"href":"https:\/\/portalv1.com.br\/api\/wp\/v2\/posts\/18787\/revisions"}],"wp:attachment":[{"href":"https:\/\/portalv1.com.br\/api\/wp\/v2\/media?parent=18787"}],"wp:term":[{"taxonomy":"category","embeddable":true,"href":"https:\/\/portalv1.com.br\/api\/wp\/v2\/categories?post=18787"},{"taxonomy":"post_tag","embeddable":true,"href":"https:\/\/portalv1.com.br\/api\/wp\/v2\/tags?post=18787"}],"curies":[{"name":"wp","href":"https:\/\/api.w.org\/{rel}","templated":true}]}}