{"id":18797,"date":"2014-07-11T20:40:12","date_gmt":"2014-07-11T23:40:12","guid":{"rendered":"https:\/\/portalv1.com.br\/?p=18797"},"modified":"2014-07-15T11:36:02","modified_gmt":"2014-07-15T14:36:02","slug":"prefeito-walfredo-filho-exonera-todos-os-cargos-comissionados","status":"publish","type":"post","link":"https:\/\/portalv1.com.br\/prefeito-walfredo-filho-exonera-todos-os-cargos-comissionados\/","title":{"rendered":"Prefeito Walfredo Filho exonera cargos comissionados"},"content":{"rendered":"<figure id=\"attachment_18231\" aria-describedby=\"caption-attachment-18231\" style=\"width: 300px\" class=\"wp-caption alignright\"><a href=\"https:\/\/portalv1.com.br\/app\/wp-content\/uploads\/2014\/05\/prefeito-walfredo-filho.jpg\"><img loading=\"lazy\" decoding=\"async\" class=\"size-medium wp-image-18231\" src=\"https:\/\/portalv1.com.br\/app\/wp-content\/uploads\/2014\/05\/prefeito-walfredo-filho-300x225.jpg\" alt=\"Prefeito Walfredo Filho\" width=\"300\" height=\"225\" srcset=\"https:\/\/portalv1.com.br\/app\/wp-content\/uploads\/2014\/05\/prefeito-walfredo-filho-300x225.jpg 300w, https:\/\/portalv1.com.br\/app\/wp-content\/uploads\/2014\/05\/prefeito-walfredo-filho.jpg 400w\" sizes=\"auto, (max-width: 300px) 100vw, 300px\" \/><\/a><figcaption id=\"caption-attachment-18231\" class=\"wp-caption-text\">Prefeito Walfredo Filho<\/figcaption><\/figure>\n<p>O prefeito de Valen\u00e7a Walfredo Filho exonerou nesta quinta-feira (10) todos os cargos comissionados da prefeitura municipal, al\u00e9m do cancelamento de todos os contratos vigentes com exce\u00e7\u00e3o daqueles mantidos nas secretarias com dota\u00e7\u00e3o do governo federal. O Decreto 37\/14 foi publicado nesta sexta-feira (11), no Di\u00e1rio Oficial dos Munic\u00edpios. Entre as justificativas apontadas pelo prefeito est\u00e1 a notifica\u00e7\u00e3o do Tribunal de Contas do Estado que mostrou que a prefeitura de Valen\u00e7a estava gastando 61,04% com pessoal quando o limite \u00e9 de 54%.<\/p>\n<p>O prefeito baixou ainda dois decretos o 38\/14, que decreta o retorno imediato aos \u00f3rg\u00e3os de origens da administra\u00e7\u00e3o direta e indireta todos os servidores municipais para a realiza\u00e7\u00e3o de um cadastramento e distribui\u00e7\u00e3o dos mesmos nas secretarias municipais e o 39\/14 que determina que as secretarias de finan\u00e7as e administra\u00e7\u00e3o adotem medidas imediatas no sentido de reduzir as despesas da gest\u00e3o municipal, al\u00e9m de determinar que a secretaria de finan\u00e7as reduza em 20%, os subs\u00eddios do prefeito, vice-prefeita e secret\u00e1rios municipais com vig\u00eancia a partir de 1\u00ba de julho.<\/p>\n<p>Os decretos chegam num momento deliciado da gest\u00e3o municipal as v\u00e9speras de uma elei\u00e7\u00e3o estadual onde esses assessores s\u00e3o tidos como pe\u00e7as importantes na busca dos votos, uma vez que os efetivos n\u00e3o se sujeitam nessa empreitada.<\/p>\n<p>Outro problema enfrentado pelo prefeito Walfredo Filho \u00e9 a instabilidade de sua gest\u00e3o, uma vez que foi cassado pelo TRE-PI e se mant\u00eam no poder por for\u00e7a de uma liminar que pode cair h\u00e1 qualquer momento. Outra preocupa\u00e7\u00e3o \u00e9 com a quita\u00e7\u00e3o financeiras desses cargos comissionados, uma vez que existem atrasos de v\u00e1rios meses.<\/p>\n<p>Um desses comissionados disse ao Portalv1 nessa sexta-feira que foi prometido a cria\u00e7\u00e3o de uma empresa terceirizada para absolver os comissionados mais importantes politicamente falando. Se essa promessa se cumprir os decretos perdem moralmente sua fun\u00e7\u00e3o.<\/p>\n","protected":false},"excerpt":{"rendered":"<p>O prefeito de Valen\u00e7a Walfredo Filho exonerou nesta quinta-feira (10) todos os cargos comissionados da prefeitura municipal, al\u00e9m do cancelamento de todos os contratos vigentes com exce\u00e7\u00e3o daqueles mantidos nas&#8230;<\/p>\n","protected":false},"author":1,"featured_media":0,"comment_status":"open","ping_status":"open","sticky":false,"template":"","format":"standard","meta":{"ngg_post_thumbnail":0,"footnotes":""},"categories":[12],"tags":[],"class_list":["post-18797","post","type-post","status-publish","format-standard","hentry","category-valenca-news"],"views":1323,"meta_data":{"thumb":"https:\/\/portalv1.com.br\/app\/wp-content\/uploads\/2014\/05\/prefeito-walfredo-filho.jpg","data":{"simple":"11\/07\/2014","date_time":"11\/07\/2014 17:40:12","date":"h\u00e1 12 anos"},"chapeu":"Confira detalhes ","source":"foto_menor"},"_links":{"self":[{"href":"https:\/\/portalv1.com.br\/api\/wp\/v2\/posts\/18797","targetHints":{"allow":["GET"]}}],"collection":[{"href":"https:\/\/portalv1.com.br\/api\/wp\/v2\/posts"}],"about":[{"href":"https:\/\/portalv1.com.br\/api\/wp\/v2\/types\/post"}],"author":[{"embeddable":true,"href":"https:\/\/portalv1.com.br\/api\/wp\/v2\/users\/1"}],"replies":[{"embeddable":true,"href":"https:\/\/portalv1.com.br\/api\/wp\/v2\/comments?post=18797"}],"version-history":[{"count":0,"href":"https:\/\/portalv1.com.br\/api\/wp\/v2\/posts\/18797\/revisions"}],"wp:attachment":[{"href":"https:\/\/portalv1.com.br\/api\/wp\/v2\/media?parent=18797"}],"wp:term":[{"taxonomy":"category","embeddable":true,"href":"https:\/\/portalv1.com.br\/api\/wp\/v2\/categories?post=18797"},{"taxonomy":"post_tag","embeddable":true,"href":"https:\/\/portalv1.com.br\/api\/wp\/v2\/tags?post=18797"}],"curies":[{"name":"wp","href":"https:\/\/api.w.org\/{rel}","templated":true}]}}