{"id":18845,"date":"2014-07-18T12:44:15","date_gmt":"2014-07-18T15:44:15","guid":{"rendered":"https:\/\/portalv1.com.br\/?p=18845"},"modified":"2014-07-18T12:59:44","modified_gmt":"2014-07-18T15:59:44","slug":"sepultamento-do-professor-walter-macado-sera-nesta-sexta-em-n-oriente","status":"publish","type":"post","link":"https:\/\/portalv1.com.br\/sepultamento-do-professor-walter-macado-sera-nesta-sexta-em-n-oriente\/","title":{"rendered":"Sepultamento do professor Walter Ma\u00e7ado ser\u00e1 nesta sexta em N. Oriente"},"content":{"rendered":"<figure id=\"attachment_18846\" aria-describedby=\"caption-attachment-18846\" style=\"width: 300px\" class=\"wp-caption alignright\"><a href=\"https:\/\/portalv1.com.br\/app\/wp-content\/uploads\/2014\/07\/walter.jpg\"><img loading=\"lazy\" decoding=\"async\" class=\"size-medium wp-image-18846\" src=\"https:\/\/portalv1.com.br\/app\/wp-content\/uploads\/2014\/07\/walter-300x168.jpg\" alt=\"Walter Ma\u00e7ado \" width=\"300\" height=\"168\" srcset=\"https:\/\/portalv1.com.br\/app\/wp-content\/uploads\/2014\/07\/walter-300x168.jpg 300w, https:\/\/portalv1.com.br\/app\/wp-content\/uploads\/2014\/07\/walter.jpg 500w\" sizes=\"auto, (max-width: 300px) 100vw, 300px\" \/><\/a><figcaption id=\"caption-attachment-18846\" class=\"wp-caption-text\">Walter Ma\u00e7ado<\/figcaption><\/figure>\n<p>Ser\u00e1 sepultado na tarde desta sexta-feira (18) na cidade de Novo Oriente o corpo do coordenador pedag\u00f3gico da secretaria municipal de educa\u00e7\u00e3o de Novo Oriente Walter Ma\u00e7ado (46). O coordenador faleceu nesta quinta-feira (17) em Teresina ap\u00f3s uma luta contra um c\u00e2ncer nos rins.<\/p>\n<p>O vel\u00f3rio est\u00e1 sendo realizado na resid\u00eancia dos familiares na Rua 7 de setembro em Novo Oriente.<\/p>\n<p>Em nota o prefeito Marcos Vin\u00edcius, lamentou a perca do educador que tinha mais de 25 anos de atua\u00e7\u00e3o na educa\u00e7\u00e3o da regi\u00e3o valenciana, especialmente em sua cidade natal Novo Oriente. Ele deixa esposa e dois filhos. O sepultamento t\u00e1 marcado para as 16h no cemit\u00e9rio local de Novo Oriente.<\/p>\n<p><strong style=\"font-weight: 600; color: #444444;\"><div class=\"ngg-galleryoverview\" data-widget=\"Galeria\" data-props='{&quot;galeria&quot;:{&quot;gallery_id&quot;:1598,&quot;total&quot;:3,&quot;max_page&quot;:1,&quot;page&quot;:1,&quot;images&quot;:[{&quot;pid&quot;:32160,&quot;imageURL&quot;:&quot;https:\\\/\\\/portalv1.com.br\\\/app\\\/wp-content\\\/gallery\\\/walter\\\/09.jpg?t=1729088324&quot;,&quot;thumbnailURL&quot;:&quot;https:\\\/\\\/portalv1.com.br\\\/app\\\/wp-content\\\/gallery\\\/walter\\\/thumbs\\\/thumbs_09.jpg?t=1729088324&quot;,&quot;description&quot;:&quot; &quot;,&quot;alttext&quot;:&quot;09&quot;,&quot;style&quot;:&quot;&quot;},{&quot;pid&quot;:32161,&quot;imageURL&quot;:&quot;https:\\\/\\\/portalv1.com.br\\\/app\\\/wp-content\\\/gallery\\\/walter\\\/10.jpg?t=1729079611&quot;,&quot;thumbnailURL&quot;:&quot;https:\\\/\\\/portalv1.com.br\\\/app\\\/wp-content\\\/gallery\\\/walter\\\/thumbs\\\/thumbs_10.jpg?t=1729079611&quot;,&quot;description&quot;:&quot; &quot;,&quot;alttext&quot;:&quot;10&quot;,&quot;style&quot;:&quot;&quot;},{&quot;pid&quot;:32162,&quot;imageURL&quot;:&quot;https:\\\/\\\/portalv1.com.br\\\/app\\\/wp-content\\\/gallery\\\/walter\\\/11.jpg?t=1729088871&quot;,&quot;thumbnailURL&quot;:&quot;https:\\\/\\\/portalv1.com.br\\\/app\\\/wp-content\\\/gallery\\\/walter\\\/thumbs\\\/thumbs_11.jpg?t=1729088871&quot;,&quot;description&quot;:&quot; &quot;,&quot;alttext&quot;:&quot;11&quot;,&quot;style&quot;:&quot;&quot;}]}}'><\/div><\/strong><span style=\"color: #444444;\">.<\/span><\/p>\n","protected":false},"excerpt":{"rendered":"<p>Ser\u00e1 sepultado na tarde desta sexta-feira (18) na cidade de Novo Oriente o corpo do coordenador pedag\u00f3gico da secretaria municipal de educa\u00e7\u00e3o de Novo Oriente Walter Ma\u00e7ado (46). O coordenador&#8230;<\/p>\n","protected":false},"author":1,"featured_media":0,"comment_status":"open","ping_status":"open","sticky":false,"template":"","format":"standard","meta":{"ngg_post_thumbnail":0,"footnotes":""},"categories":[12],"tags":[],"class_list":["post-18845","post","type-post","status-publish","format-standard","hentry","category-valenca-news"],"views":704,"meta_data":{"thumb":"https:\/\/portalv1.com.br\/app\/wp-content\/uploads\/2014\/07\/walter.jpg","data":{"simple":"18\/07\/2014","date_time":"18\/07\/2014 09:44:15","date":"h\u00e1 12 anos"},"chapeu":"VEJA FOTOS ","source":"slide"},"_links":{"self":[{"href":"https:\/\/portalv1.com.br\/api\/wp\/v2\/posts\/18845","targetHints":{"allow":["GET"]}}],"collection":[{"href":"https:\/\/portalv1.com.br\/api\/wp\/v2\/posts"}],"about":[{"href":"https:\/\/portalv1.com.br\/api\/wp\/v2\/types\/post"}],"author":[{"embeddable":true,"href":"https:\/\/portalv1.com.br\/api\/wp\/v2\/users\/1"}],"replies":[{"embeddable":true,"href":"https:\/\/portalv1.com.br\/api\/wp\/v2\/comments?post=18845"}],"version-history":[{"count":0,"href":"https:\/\/portalv1.com.br\/api\/wp\/v2\/posts\/18845\/revisions"}],"wp:attachment":[{"href":"https:\/\/portalv1.com.br\/api\/wp\/v2\/media?parent=18845"}],"wp:term":[{"taxonomy":"category","embeddable":true,"href":"https:\/\/portalv1.com.br\/api\/wp\/v2\/categories?post=18845"},{"taxonomy":"post_tag","embeddable":true,"href":"https:\/\/portalv1.com.br\/api\/wp\/v2\/tags?post=18845"}],"curies":[{"name":"wp","href":"https:\/\/api.w.org\/{rel}","templated":true}]}}