{"id":18856,"date":"2014-07-20T23:34:07","date_gmt":"2014-07-21T02:34:07","guid":{"rendered":"https:\/\/portalv1.com.br\/?p=18856"},"modified":"2014-07-22T09:29:18","modified_gmt":"2014-07-22T12:29:18","slug":"festa-dos-60-anos-de-pimenteiras-comeca-nesta-quinta-veja-bandas","status":"publish","type":"post","link":"https:\/\/portalv1.com.br\/festa-dos-60-anos-de-pimenteiras-comeca-nesta-quinta-veja-bandas\/","title":{"rendered":"Festa dos 60 anos de Pimenteiras come\u00e7a nesta quinta. Veja bandas"},"content":{"rendered":"<figure id=\"attachment_15856\" aria-describedby=\"caption-attachment-15856\" style=\"width: 300px\" class=\"wp-caption alignright\"><a href=\"https:\/\/portalv1.com.br\/app\/wp-content\/uploads\/2013\/05\/Pimenteiras.jpg\"><img loading=\"lazy\" decoding=\"async\" class=\"size-full wp-image-15856\" src=\"https:\/\/portalv1.com.br\/app\/wp-content\/uploads\/2013\/05\/Pimenteiras.jpg\" alt=\"Vista cidade de Pimenteiras \" width=\"300\" height=\"225\" \/><\/a><figcaption id=\"caption-attachment-15856\" class=\"wp-caption-text\">Vista cidade de Pimenteiras<\/figcaption><\/figure>\n<p>A Programa\u00e7\u00e3o cultural dos 60 anos de emancipa\u00e7\u00e3o pol\u00edtica de Pimenteiras come\u00e7a nesta quinta-feira 24 de julho com as atra\u00e7\u00f5es musicais Cizinho e Forro Bandido e Solteir\u00f5es do Forr\u00f3. Na sexta-feira (25) aniversario da cidade a festa ficar\u00e1 por conta Forr\u00f3 Fil\u00e9 e Forr\u00f3 dos Plays.<\/p>\n<p>Assim como no passado, o prefeito Venicio do \u00d3 incluiu na programa\u00e7\u00e3o um dia dedicado a musica evang\u00e9lica. Esse ano a atra\u00e7\u00e3o principal ser\u00e1 o ex-vocalista da Banda Calcinha Preta, Berg Rabelo que promete dar um lindo testemunho e claro cantar seus sucessos. A coordena\u00e7\u00e3o dessa festa ficar\u00e1 a cargo das igrejas evang\u00e9licas de Pimenteiras.<\/p>\n<p>Paralelo \u00e0s atra\u00e7\u00f5es musicais a prefeitura prepara um leque de inaugura\u00e7\u00f5es e o anuncio de novas obras para o munic\u00edpio que dever\u00e1 receber um grande numero de turistas nesses tr\u00eas dias de festa. Haver\u00e1 ainda corridas de resist\u00eancia (masculino e feminino), velocidade (masculino e feminino), de bicicleta, jumento e shows de calouros no dia 25 de julho.<\/p>\n<p>As inscri\u00e7\u00f5es podem ser feitas at\u00e9 o dia 22 no Centro Cultural. A secretaria de assist\u00eancia social concluiu nesse s\u00e1bado o curso de confeitaria e panifica\u00e7\u00e3o. O curso foi ministrado no centro de conviv\u00eancia de idosos (CCI) com uma boa participa\u00e7\u00e3o.<\/p>\n<p>&nbsp;<\/p>\n","protected":false},"excerpt":{"rendered":"<p>A Programa\u00e7\u00e3o cultural dos 60 anos de emancipa\u00e7\u00e3o pol\u00edtica de Pimenteiras come\u00e7a nesta quinta-feira 24 de julho com as atra\u00e7\u00f5es musicais Cizinho e Forro Bandido e Solteir\u00f5es do Forr\u00f3. Na&#8230;<\/p>\n","protected":false},"author":1,"featured_media":0,"comment_status":"open","ping_status":"open","sticky":false,"template":"","format":"standard","meta":{"ngg_post_thumbnail":0,"footnotes":""},"categories":[12],"tags":[],"class_list":["post-18856","post","type-post","status-publish","format-standard","hentry","category-valenca-news"],"views":875,"meta_data":{"thumb":"https:\/\/portalv1.com.br\/app\/wp-content\/uploads\/2013\/05\/Pimenteiras.jpg","data":{"simple":"20\/07\/2014","date_time":"20\/07\/2014 20:34:07","date":"h\u00e1 12 anos"},"chapeu":"Tr\u00eas dias de festa","source":"foto_menor"},"_links":{"self":[{"href":"https:\/\/portalv1.com.br\/api\/wp\/v2\/posts\/18856","targetHints":{"allow":["GET"]}}],"collection":[{"href":"https:\/\/portalv1.com.br\/api\/wp\/v2\/posts"}],"about":[{"href":"https:\/\/portalv1.com.br\/api\/wp\/v2\/types\/post"}],"author":[{"embeddable":true,"href":"https:\/\/portalv1.com.br\/api\/wp\/v2\/users\/1"}],"replies":[{"embeddable":true,"href":"https:\/\/portalv1.com.br\/api\/wp\/v2\/comments?post=18856"}],"version-history":[{"count":0,"href":"https:\/\/portalv1.com.br\/api\/wp\/v2\/posts\/18856\/revisions"}],"wp:attachment":[{"href":"https:\/\/portalv1.com.br\/api\/wp\/v2\/media?parent=18856"}],"wp:term":[{"taxonomy":"category","embeddable":true,"href":"https:\/\/portalv1.com.br\/api\/wp\/v2\/categories?post=18856"},{"taxonomy":"post_tag","embeddable":true,"href":"https:\/\/portalv1.com.br\/api\/wp\/v2\/tags?post=18856"}],"curies":[{"name":"wp","href":"https:\/\/api.w.org\/{rel}","templated":true}]}}