{"id":18877,"date":"2014-07-24T00:46:46","date_gmt":"2014-07-24T03:46:46","guid":{"rendered":"https:\/\/portalv1.com.br\/?p=18877"},"modified":"2014-07-23T21:51:48","modified_gmt":"2014-07-24T00:51:48","slug":"hoje-tem-solteiroes-do-forro-e-cizinho-e-forro-bandido-em-pimenteiras","status":"publish","type":"post","link":"https:\/\/portalv1.com.br\/hoje-tem-solteiroes-do-forro-e-cizinho-e-forro-bandido-em-pimenteiras\/","title":{"rendered":"Hoje Tem Solteir\u00f5es do Forro e Cizinho e Forro Bandido em Pimenteiras"},"content":{"rendered":"<figure id=\"attachment_18878\" aria-describedby=\"caption-attachment-18878\" style=\"width: 300px\" class=\"wp-caption alignright\"><a href=\"https:\/\/portalv1.com.br\/app\/wp-content\/uploads\/2014\/07\/solteoirpeos.jpg\"><img loading=\"lazy\" decoding=\"async\" class=\"size-medium wp-image-18878\" src=\"https:\/\/portalv1.com.br\/app\/wp-content\/uploads\/2014\/07\/solteoirpeos-300x199.jpg\" alt=\"Solteir\u00f5es do Forro \" width=\"300\" height=\"199\" srcset=\"https:\/\/portalv1.com.br\/app\/wp-content\/uploads\/2014\/07\/solteoirpeos-300x199.jpg 300w, https:\/\/portalv1.com.br\/app\/wp-content\/uploads\/2014\/07\/solteoirpeos-640x425.jpg 640w, https:\/\/portalv1.com.br\/app\/wp-content\/uploads\/2014\/07\/solteoirpeos.jpg 800w\" sizes=\"auto, (max-width: 300px) 100vw, 300px\" \/><\/a><figcaption id=\"caption-attachment-18878\" class=\"wp-caption-text\">Solteir\u00f5es do Forro<\/figcaption><\/figure>\n<p>As bandas Solteir\u00f5es do Forro e Cizinho e Forro Bandido s\u00e3o atra\u00e7\u00f5es desta quinta-feira, 24 de julho do aniversario de Pimenteiras. As bandas abrem a programa\u00e7\u00e3o que se estende at\u00e9 o s\u00e1bado (26) com a realiza\u00e7\u00e3o do show do cantor gospel Berg Rabelo.<\/p>\n<p>A programa\u00e7\u00e3o come\u00e7a \u00e0s 08h desta quinta-feira (24) com o hasteamento das bandeiras na c\u00e2mara de vereadores, seguida de uma missa em a\u00e7\u00e3o de gra\u00e7as na Igreja Matriz. \u00c0s 15h acontece a abertura do campeonato municipal de futebol no est\u00e1dio municipal. \u00c0s 22h come\u00e7am os shows.<\/p>\n<p>Nesta sexta-feira a festa ficar\u00e1 a cargo das bandas Forr\u00f3 Fil\u00e9 e Forro dos Plays.<\/p>\n","protected":false},"excerpt":{"rendered":"<p>As bandas Solteir\u00f5es do Forro e Cizinho e Forro Bandido s\u00e3o atra\u00e7\u00f5es desta quinta-feira, 24 de julho do aniversario de Pimenteiras. As bandas abrem a programa\u00e7\u00e3o que se estende at\u00e9&#8230;<\/p>\n","protected":false},"author":1,"featured_media":0,"comment_status":"open","ping_status":"open","sticky":false,"template":"","format":"standard","meta":{"ngg_post_thumbnail":0,"footnotes":""},"categories":[12],"tags":[],"class_list":["post-18877","post","type-post","status-publish","format-standard","hentry","category-valenca-news"],"views":1205,"meta_data":{"thumb":"https:\/\/portalv1.com.br\/app\/wp-content\/uploads\/2014\/07\/solteoirpeos.jpg","data":{"simple":"23\/07\/2014","date_time":"23\/07\/2014 21:46:46","date":"h\u00e1 12 anos"},"chapeu":"60 anos","source":"m_destacada"},"_links":{"self":[{"href":"https:\/\/portalv1.com.br\/api\/wp\/v2\/posts\/18877","targetHints":{"allow":["GET"]}}],"collection":[{"href":"https:\/\/portalv1.com.br\/api\/wp\/v2\/posts"}],"about":[{"href":"https:\/\/portalv1.com.br\/api\/wp\/v2\/types\/post"}],"author":[{"embeddable":true,"href":"https:\/\/portalv1.com.br\/api\/wp\/v2\/users\/1"}],"replies":[{"embeddable":true,"href":"https:\/\/portalv1.com.br\/api\/wp\/v2\/comments?post=18877"}],"version-history":[{"count":0,"href":"https:\/\/portalv1.com.br\/api\/wp\/v2\/posts\/18877\/revisions"}],"wp:attachment":[{"href":"https:\/\/portalv1.com.br\/api\/wp\/v2\/media?parent=18877"}],"wp:term":[{"taxonomy":"category","embeddable":true,"href":"https:\/\/portalv1.com.br\/api\/wp\/v2\/categories?post=18877"},{"taxonomy":"post_tag","embeddable":true,"href":"https:\/\/portalv1.com.br\/api\/wp\/v2\/tags?post=18877"}],"curies":[{"name":"wp","href":"https:\/\/api.w.org\/{rel}","templated":true}]}}