{"id":18883,"date":"2014-07-24T15:49:18","date_gmt":"2014-07-24T18:49:18","guid":{"rendered":"https:\/\/portalv1.com.br\/?p=18883"},"modified":"2014-07-24T15:49:18","modified_gmt":"2014-07-24T18:49:18","slug":"reajuste-nos-precos-da-eletricidade-deve-crescer-mais-que-previsto","status":"publish","type":"post","link":"https:\/\/portalv1.com.br\/reajuste-nos-precos-da-eletricidade-deve-crescer-mais-que-previsto\/","title":{"rendered":"Reajuste nos pre\u00e7os da eletricidade deve crescer mais que previsto"},"content":{"rendered":"<p><span style=\"color: #565659;\"><a href=\"https:\/\/portalv1.com.br\/app\/wp-content\/uploads\/2014\/07\/conta_eletrobras.jpg\"><img loading=\"lazy\" decoding=\"async\" class=\"alignright size-medium wp-image-18884\" src=\"https:\/\/portalv1.com.br\/app\/wp-content\/uploads\/2014\/07\/conta_eletrobras-300x224.jpg\" alt=\"conta_eletrobras\" width=\"300\" height=\"224\" srcset=\"https:\/\/portalv1.com.br\/app\/wp-content\/uploads\/2014\/07\/conta_eletrobras-300x224.jpg 300w, https:\/\/portalv1.com.br\/app\/wp-content\/uploads\/2014\/07\/conta_eletrobras.jpg 455w\" sizes=\"auto, (max-width: 300px) 100vw, 300px\" \/><\/a>O Banco Central (BC) aumentou a proje\u00e7\u00e3o para o reajuste do pre\u00e7o da eletricidade de 11,5% para 14%, este ano. A previs\u00e3o est\u00e1 na ata da \u00faltima reuni\u00e3o do Comit\u00ea de Pol\u00edtica Monet\u00e1ria (Copom) do BC, divulgada nesta quarta (24).\u00a0<\/span>Para as tarifas de telefonia fixa, o BC projeta redu\u00e7\u00e3o de 3,8%, este ano, contra a previs\u00e3o anterior de 4,2%, divulgada em maio.<\/p>\n<p style=\"color: #565659;\">A estimativa para o conjunto de pre\u00e7os administrados por contrato e monitorados, a estimativa \u00e9 5% em 2014, mesmo valor considerado na reuni\u00e3o do Copom de maio. Segundo a ata, essa proje\u00e7\u00e3o considera varia\u00e7\u00f5es ocorridas, at\u00e9 junho, nos pre\u00e7os da gasolina (0,7%) e do g\u00e1s de buj\u00e3o (0,7%).<\/p>\n<p style=\"color: #565659;\">Para 2016, a proje\u00e7\u00e3o para os pre\u00e7os administrados \u00e9 6%, em 2015, ante 5% considerados em maio; e 4,8% em 2016.<\/p>\n<p style=\"color: #565659;\"><em>Fonte: Ag\u00eancia Brasil<\/em><\/p>\n","protected":false},"excerpt":{"rendered":"<p>O Banco Central (BC) aumentou a proje\u00e7\u00e3o para o reajuste do pre\u00e7o da eletricidade de 11,5% para 14%, este ano. A previs\u00e3o est\u00e1 na ata da \u00faltima reuni\u00e3o do Comit\u00ea&#8230;<\/p>\n","protected":false},"author":1,"featured_media":0,"comment_status":"open","ping_status":"open","sticky":false,"template":"","format":"standard","meta":{"ngg_post_thumbnail":0,"footnotes":""},"categories":[12],"tags":[],"class_list":["post-18883","post","type-post","status-publish","format-standard","hentry","category-valenca-news"],"views":178,"meta_data":{"thumb":"https:\/\/portalv1.com.br\/app\/wp-content\/uploads\/2014\/07\/conta_eletrobras.jpg","data":{"simple":"24\/07\/2014","date_time":"24\/07\/2014 12:49:18","date":"h\u00e1 12 anos"},"chapeu":"Aumento","source":"m_destacada"},"_links":{"self":[{"href":"https:\/\/portalv1.com.br\/api\/wp\/v2\/posts\/18883","targetHints":{"allow":["GET"]}}],"collection":[{"href":"https:\/\/portalv1.com.br\/api\/wp\/v2\/posts"}],"about":[{"href":"https:\/\/portalv1.com.br\/api\/wp\/v2\/types\/post"}],"author":[{"embeddable":true,"href":"https:\/\/portalv1.com.br\/api\/wp\/v2\/users\/1"}],"replies":[{"embeddable":true,"href":"https:\/\/portalv1.com.br\/api\/wp\/v2\/comments?post=18883"}],"version-history":[{"count":0,"href":"https:\/\/portalv1.com.br\/api\/wp\/v2\/posts\/18883\/revisions"}],"wp:attachment":[{"href":"https:\/\/portalv1.com.br\/api\/wp\/v2\/media?parent=18883"}],"wp:term":[{"taxonomy":"category","embeddable":true,"href":"https:\/\/portalv1.com.br\/api\/wp\/v2\/categories?post=18883"},{"taxonomy":"post_tag","embeddable":true,"href":"https:\/\/portalv1.com.br\/api\/wp\/v2\/tags?post=18883"}],"curies":[{"name":"wp","href":"https:\/\/api.w.org\/{rel}","templated":true}]}}