{"id":18928,"date":"2014-07-29T13:20:16","date_gmt":"2014-07-29T16:20:16","guid":{"rendered":"https:\/\/portalv1.com.br\/?p=18928"},"modified":"2014-07-31T10:57:51","modified_gmt":"2014-07-31T13:57:51","slug":"cacamba-de-lixo-passa-por-cima-de-perna-de-gari-em-valenca","status":"publish","type":"post","link":"https:\/\/portalv1.com.br\/cacamba-de-lixo-passa-por-cima-de-perna-de-gari-em-valenca\/","title":{"rendered":"Ca\u00e7amba de lixo passa por cima de perna de gari em Valen\u00e7a"},"content":{"rendered":"<figure id=\"attachment_18929\" aria-describedby=\"caption-attachment-18929\" style=\"width: 424px\" class=\"wp-caption alignright\"><a href=\"https:\/\/portalv1.com.br\/app\/wp-content\/uploads\/2014\/07\/lampada.jpg\"><img loading=\"lazy\" decoding=\"async\" class=\"wp-image-18929\" src=\"https:\/\/portalv1.com.br\/app\/wp-content\/uploads\/2014\/07\/lampada.jpg\" alt=\"A foto de arquivo mostra um flagra mostrando os funcion\u00e1rios da prefeitura repondo l\u00e2mpadas no centro de Valen\u00e7a.  \" width=\"424\" height=\"318\" srcset=\"https:\/\/portalv1.com.br\/app\/wp-content\/uploads\/2014\/07\/lampada.jpg 640w, https:\/\/portalv1.com.br\/app\/wp-content\/uploads\/2014\/07\/lampada-300x225.jpg 300w\" sizes=\"auto, (max-width: 424px) 100vw, 424px\" \/><\/a><figcaption id=\"caption-attachment-18929\" class=\"wp-caption-text\">A foto de arquivo mostra um flagra mostrando os funcion\u00e1rios da prefeitura repondo l\u00e2mpadas no centro de Valen\u00e7a.<\/figcaption><\/figure>\n<p>Um gari identificado como Rog\u00e9rio de Sousa (42) caiu na manha desta ter\u00e7a-feira, 29 de julho por volta das 10h da manha de uma ca\u00e7amba que trabalha na coleta de lixo em Valen\u00e7a. O acidente aconteceu no Bairro Lavanderia nas proximidades da Vara do Trabalho.<\/p>\n<p>De acordo com informa\u00e7\u00f5es, ap\u00f3s coletar o lixo, o gari ao subir na ca\u00e7amba escorregou e teve sua perna esmagada pela ca\u00e7amba.<\/p>\n<p>Ivanilson Alves diretor da empresa Via Limpo disse ao Portalv1 que ao ser comunicado a empresa acionou o SAMU e ap\u00f3s receber os primeiros atendimentos no hospital regional ele foi encaminhado para Teresina. \u201cAcionamos nosso pessoal em Teresina para prestar toda a cobertura poss\u00edvel e fazer os encaminhamentos para a cirurgia\u201d garantiu o diretor que disse ainda que o trabalhador tem carteira assinada.<\/p>\n","protected":false},"excerpt":{"rendered":"<p>Um gari identificado como Rog\u00e9rio de Sousa (42) caiu na manha desta ter\u00e7a-feira, 29 de julho por volta das 10h da manha de uma ca\u00e7amba que trabalha na coleta de&#8230;<\/p>\n","protected":false},"author":1,"featured_media":0,"comment_status":"open","ping_status":"open","sticky":false,"template":"","format":"standard","meta":{"ngg_post_thumbnail":0,"footnotes":""},"categories":[12],"tags":[],"class_list":["post-18928","post","type-post","status-publish","format-standard","hentry","category-valenca-news"],"views":1481,"meta_data":{"thumb":"https:\/\/portalv1.com.br\/app\/wp-content\/uploads\/2014\/07\/lampada.jpg","data":{"simple":"29\/07\/2014","date_time":"29\/07\/2014 10:20:16","date":"h\u00e1 12 anos"},"chapeu":"Encaminhado para Teresina","source":"foto_menor"},"_links":{"self":[{"href":"https:\/\/portalv1.com.br\/api\/wp\/v2\/posts\/18928","targetHints":{"allow":["GET"]}}],"collection":[{"href":"https:\/\/portalv1.com.br\/api\/wp\/v2\/posts"}],"about":[{"href":"https:\/\/portalv1.com.br\/api\/wp\/v2\/types\/post"}],"author":[{"embeddable":true,"href":"https:\/\/portalv1.com.br\/api\/wp\/v2\/users\/1"}],"replies":[{"embeddable":true,"href":"https:\/\/portalv1.com.br\/api\/wp\/v2\/comments?post=18928"}],"version-history":[{"count":0,"href":"https:\/\/portalv1.com.br\/api\/wp\/v2\/posts\/18928\/revisions"}],"wp:attachment":[{"href":"https:\/\/portalv1.com.br\/api\/wp\/v2\/media?parent=18928"}],"wp:term":[{"taxonomy":"category","embeddable":true,"href":"https:\/\/portalv1.com.br\/api\/wp\/v2\/categories?post=18928"},{"taxonomy":"post_tag","embeddable":true,"href":"https:\/\/portalv1.com.br\/api\/wp\/v2\/tags?post=18928"}],"curies":[{"name":"wp","href":"https:\/\/api.w.org\/{rel}","templated":true}]}}