{"id":18939,"date":"2014-07-31T12:34:13","date_gmt":"2014-07-31T15:34:13","guid":{"rendered":"https:\/\/portalv1.com.br\/?p=18939"},"modified":"2014-08-02T22:04:33","modified_gmt":"2014-08-03T01:04:33","slug":"neste-sabado-tem-o-23o-feirao-de-moveis-da-socimol-em-teresina","status":"publish","type":"post","link":"https:\/\/portalv1.com.br\/neste-sabado-tem-o-23o-feirao-de-moveis-da-socimol-em-teresina\/","title":{"rendered":"Neste s\u00e1bado tem o 23\u00ba Feir\u00e3o de moveis da Socimol em Teresina"},"content":{"rendered":"<p><a href=\"https:\/\/portalv1.com.br\/app\/wp-content\/uploads\/2014\/07\/socimolrt.jpg\"><img loading=\"lazy\" decoding=\"async\" class=\"alignright size-medium wp-image-18940\" src=\"https:\/\/portalv1.com.br\/app\/wp-content\/uploads\/2014\/07\/socimolrt-300x225.jpg\" alt=\"socimolrt\" width=\"300\" height=\"225\" srcset=\"https:\/\/portalv1.com.br\/app\/wp-content\/uploads\/2014\/07\/socimolrt-300x225.jpg 300w, https:\/\/portalv1.com.br\/app\/wp-content\/uploads\/2014\/07\/socimolrt.jpg 640w\" sizes=\"auto, (max-width: 300px) 100vw, 300px\" \/><\/a>Os valencianos que tiverem em Teresina nesse s\u00e1bado (02) e que queira aproveitar para repaginar a sua casa deve aproveitar o 23\u00ba Feir\u00e3o de Moveis da Socimol que acontece s\u00f3 nesse s\u00e1bado das 07 as 17 na sede da Socimol na Avenida Pedro Freitas 4000, zona sul da capital.<\/p>\n<p>L\u00e1 voc\u00ea ter\u00e1 a disposi\u00e7\u00e3o toda linha de colch\u00f5es Onix de molas e espuma, conjunto box (colch\u00e3o e box) e box conjugado (cama box de molas ou espuma), estofados, cabeceiras, roupeiros e c\u00f4modas com pre\u00e7os especiais.<\/p>\n<p>Basta o cliente escolher o seu produto nos galp\u00f5es e se dirigir at\u00e9 um dos atendentes para receber a etiqueta da mercadoria pretendida e, em seguida, encaminhar o pedido at\u00e9 o autoatendimento, finalizando a compra.<\/p>\n<p>O pagamento pode ser feito \u00e0 vista (cart\u00e3o de d\u00e9bito ou cr\u00e9dito e dinheiro) ou em at\u00e9 6 parcelas sem juros nos cart\u00f5es Visa, Master Card, Diners Club, American Express, Hipercard, Credishop e Cart\u00e3o Para\u00edba.<\/p>\n","protected":false},"excerpt":{"rendered":"<p>Os valencianos que tiverem em Teresina nesse s\u00e1bado (02) e que queira aproveitar para repaginar a sua casa deve aproveitar o 23\u00ba Feir\u00e3o de Moveis da Socimol que acontece s\u00f3&#8230;<\/p>\n","protected":false},"author":1,"featured_media":0,"comment_status":"open","ping_status":"open","sticky":false,"template":"","format":"standard","meta":{"ngg_post_thumbnail":0,"footnotes":""},"categories":[12],"tags":[],"class_list":["post-18939","post","type-post","status-publish","format-standard","hentry","category-valenca-news"],"views":2231,"meta_data":{"thumb":"https:\/\/portalv1.com.br\/app\/wp-content\/uploads\/2014\/07\/socimolrt.jpg","data":{"simple":"31\/07\/2014","date_time":"31\/07\/2014 09:34:13","date":"h\u00e1 12 anos"},"chapeu":"Colch\u00e3o e moveis ","source":"retirar"},"_links":{"self":[{"href":"https:\/\/portalv1.com.br\/api\/wp\/v2\/posts\/18939","targetHints":{"allow":["GET"]}}],"collection":[{"href":"https:\/\/portalv1.com.br\/api\/wp\/v2\/posts"}],"about":[{"href":"https:\/\/portalv1.com.br\/api\/wp\/v2\/types\/post"}],"author":[{"embeddable":true,"href":"https:\/\/portalv1.com.br\/api\/wp\/v2\/users\/1"}],"replies":[{"embeddable":true,"href":"https:\/\/portalv1.com.br\/api\/wp\/v2\/comments?post=18939"}],"version-history":[{"count":0,"href":"https:\/\/portalv1.com.br\/api\/wp\/v2\/posts\/18939\/revisions"}],"wp:attachment":[{"href":"https:\/\/portalv1.com.br\/api\/wp\/v2\/media?parent=18939"}],"wp:term":[{"taxonomy":"category","embeddable":true,"href":"https:\/\/portalv1.com.br\/api\/wp\/v2\/categories?post=18939"},{"taxonomy":"post_tag","embeddable":true,"href":"https:\/\/portalv1.com.br\/api\/wp\/v2\/tags?post=18939"}],"curies":[{"name":"wp","href":"https:\/\/api.w.org\/{rel}","templated":true}]}}