{"id":18957,"date":"2014-08-04T10:17:11","date_gmt":"2014-08-04T13:17:11","guid":{"rendered":"https:\/\/portalv1.com.br\/?p=18957"},"modified":"2014-08-04T10:17:11","modified_gmt":"2014-08-04T13:17:11","slug":"prefeito-walfredo-filho-confirma-apoio-a-wilson-brandao-e-marllos","status":"publish","type":"post","link":"https:\/\/portalv1.com.br\/prefeito-walfredo-filho-confirma-apoio-a-wilson-brandao-e-marllos\/","title":{"rendered":"Prefeito Walfredo Filho confirma apoio a Wilson Brand\u00e3o e Marllos"},"content":{"rendered":"<figure id=\"attachment_18958\" aria-describedby=\"caption-attachment-18958\" style=\"width: 300px\" class=\"wp-caption alignright\"><a href=\"https:\/\/portalv1.com.br\/app\/wp-content\/uploads\/2014\/08\/walfredo-filho.jpg\"><img loading=\"lazy\" decoding=\"async\" class=\"wp-image-18958 size-medium\" src=\"https:\/\/portalv1.com.br\/app\/wp-content\/uploads\/2014\/08\/walfredo-filho-300x168.jpg\" alt=\"O prefeito Walfredo Filho \" width=\"300\" height=\"168\" srcset=\"https:\/\/portalv1.com.br\/app\/wp-content\/uploads\/2014\/08\/walfredo-filho-300x168.jpg 300w, https:\/\/portalv1.com.br\/app\/wp-content\/uploads\/2014\/08\/walfredo-filho-640x360.jpg 640w, https:\/\/portalv1.com.br\/app\/wp-content\/uploads\/2014\/08\/walfredo-filho.jpg 960w\" sizes=\"auto, (max-width: 300px) 100vw, 300px\" \/><\/a><figcaption id=\"caption-attachment-18958\" class=\"wp-caption-text\">O prefeito Walfredo Filho<\/figcaption><\/figure>\n<p>Depois de algumas especula\u00e7\u00f5es, o prefeito Walfredo Filho confirmou seu apoio pol\u00edtico aos deputados Marllos Sampaio (federal) e Wilson Brand\u00e3o (estadual), governador Z\u00e9 Filho e Wilson Martins como candidato ao senado. A confirma\u00e7\u00e3o veio ap\u00f3s uma reuni\u00e3o na ch\u00e1cara do prefeito ao lado do aeroporto municipal.<\/p>\n<p>Semanas atr\u00e1s houve algumas especula\u00e7\u00f5es sobre a mudan\u00e7a do apoio do prefeito aos deputados, especialmente ao federal Marllos Sampaio. O rompimento chegou a ser anunciado pelo irm\u00e3o do deputado Tem\u00edstocles Filho em uma roda na assembleia legislativa.<\/p>\n<p>Nesse tempo houve boatos de que o prefeito poderia apoiar o candidato Her\u00e1clito Fortes que \u00e9 apoiado em Valen\u00e7a pelo ex-prefeito Alc\u00e2ntara. Segundo uma fonte ligada ao ex-prefeito, esse entendimento foi trabalhado, mais o ex-prefeito recebeu um aviso de sua base de que se caso o prefeito Walfredo Filho viesse, eles deixariam seu grupo pol\u00edtico.<\/p>\n","protected":false},"excerpt":{"rendered":"<p>Depois de algumas especula\u00e7\u00f5es, o prefeito Walfredo Filho confirmou seu apoio pol\u00edtico aos deputados Marllos Sampaio (federal) e Wilson Brand\u00e3o (estadual), governador Z\u00e9 Filho e Wilson Martins como candidato ao&#8230;<\/p>\n","protected":false},"author":1,"featured_media":0,"comment_status":"open","ping_status":"open","sticky":false,"template":"","format":"standard","meta":{"ngg_post_thumbnail":0,"footnotes":""},"categories":[12],"tags":[],"class_list":["post-18957","post","type-post","status-publish","format-standard","hentry","category-valenca-news"],"views":865,"meta_data":{"thumb":"https:\/\/portalv1.com.br\/app\/wp-content\/uploads\/2014\/08\/walfredo-filho.jpg","data":{"simple":"04\/08\/2014","date_time":"04\/08\/2014 07:17:11","date":"h\u00e1 12 anos"},"chapeu":"","source":"slide"},"_links":{"self":[{"href":"https:\/\/portalv1.com.br\/api\/wp\/v2\/posts\/18957","targetHints":{"allow":["GET"]}}],"collection":[{"href":"https:\/\/portalv1.com.br\/api\/wp\/v2\/posts"}],"about":[{"href":"https:\/\/portalv1.com.br\/api\/wp\/v2\/types\/post"}],"author":[{"embeddable":true,"href":"https:\/\/portalv1.com.br\/api\/wp\/v2\/users\/1"}],"replies":[{"embeddable":true,"href":"https:\/\/portalv1.com.br\/api\/wp\/v2\/comments?post=18957"}],"version-history":[{"count":0,"href":"https:\/\/portalv1.com.br\/api\/wp\/v2\/posts\/18957\/revisions"}],"wp:attachment":[{"href":"https:\/\/portalv1.com.br\/api\/wp\/v2\/media?parent=18957"}],"wp:term":[{"taxonomy":"category","embeddable":true,"href":"https:\/\/portalv1.com.br\/api\/wp\/v2\/categories?post=18957"},{"taxonomy":"post_tag","embeddable":true,"href":"https:\/\/portalv1.com.br\/api\/wp\/v2\/tags?post=18957"}],"curies":[{"name":"wp","href":"https:\/\/api.w.org\/{rel}","templated":true}]}}