{"id":18998,"date":"2014-08-10T13:40:18","date_gmt":"2014-08-10T16:40:18","guid":{"rendered":"https:\/\/portalv1.com.br\/?p=18998"},"modified":"2014-08-10T13:40:18","modified_gmt":"2014-08-10T16:40:18","slug":"matriculas-do-processo-seletivo-da-ead-2014-comeca-dia-1808","status":"publish","type":"post","link":"https:\/\/portalv1.com.br\/matriculas-do-processo-seletivo-da-ead-2014-comeca-dia-1808\/","title":{"rendered":"Matriculas do Processo Seletivo da EAD 2014 come\u00e7a dia 18\/08"},"content":{"rendered":"<figure id=\"attachment_8738\" aria-describedby=\"caption-attachment-8738\" style=\"width: 300px\" class=\"wp-caption alignright\"><a href=\"https:\/\/portalv1.com.br\/app\/wp-content\/uploads\/2011\/05\/valen\u00e7apra\u00e7ajosemartins.jpg\"><img loading=\"lazy\" decoding=\"async\" class=\"size-full wp-image-8738\" src=\"https:\/\/portalv1.com.br\/app\/wp-content\/uploads\/2011\/05\/valen\u00e7apra\u00e7ajosemartins.jpg\" alt=\"Vista da Pra\u00e7a Jos\u00e9 Martins  \" width=\"300\" height=\"183\" \/><\/a><figcaption id=\"caption-attachment-8738\" class=\"wp-caption-text\">Vista da Pra\u00e7a Jos\u00e9 Martins<\/figcaption><\/figure>\n<p>O Polo de Apoio Presencial de Valen\u00e7a do Piau\u00ed, por meio da Universidade Federal do Piau\u00ed (UFPI) e do Centro de Educa\u00e7\u00e3o Aberta e a Dist\u00e2ncia (CEAD), convoca todos os candidatos aprovados para realiza\u00e7\u00e3o de matriculas institucional e curricular conforme cronograma abaixo:<\/p>\n<p><strong>MATR\u00cdCULA INSTITUCIONAL<\/strong> &#8211; Per\u00edodo: 18 a 23\/08\/2014<\/p>\n<p><strong>MATR\u00cdCULA CURRICULAR<\/strong> &#8211; Per\u00edodo: 01 a 06\/09\/2014<\/p>\n<p>As matr\u00edculas dever\u00e3o ser realizadas na Coordena\u00e7\u00e3o do Polo de Valen\u00e7a, localizado no Campus da UESPI (Av. 15 de novembro, SN \u2013 Centro), local de op\u00e7\u00e3o do candidato escolhido no ato de inscri\u00e7\u00e3<\/p>\n<p>o do certame, nos seguintes hor\u00e1rios: 8h \u00e0s 12h e 14h \u00e0s 18h.<\/p>\n<p>A documenta\u00e7\u00e3o exigida para matr\u00edcula dever\u00e1 ser apresentada conforme orienta\u00e7\u00f5es dos itens 17 e 18 do Edital 06\/2014 \u2013 UFPI.<\/p>\n","protected":false},"excerpt":{"rendered":"<p>O Polo de Apoio Presencial de Valen\u00e7a do Piau\u00ed, por meio da Universidade Federal do Piau\u00ed (UFPI) e do Centro de Educa\u00e7\u00e3o Aberta e a Dist\u00e2ncia (CEAD), convoca todos os&#8230;<\/p>\n","protected":false},"author":1,"featured_media":0,"comment_status":"open","ping_status":"open","sticky":false,"template":"","format":"standard","meta":{"ngg_post_thumbnail":0,"footnotes":""},"categories":[12],"tags":[],"class_list":["post-18998","post","type-post","status-publish","format-standard","hentry","category-valenca-news"],"views":418,"meta_data":{"thumb":"https:\/\/portalv1.com.br\/app\/wp-content\/uploads\/2011\/05\/valen\u00e7apra\u00e7ajosemartins.jpg","data":{"simple":"10\/08\/2014","date_time":"10\/08\/2014 10:40:18","date":"h\u00e1 12 anos"},"chapeu":"","source":"slide"},"_links":{"self":[{"href":"https:\/\/portalv1.com.br\/api\/wp\/v2\/posts\/18998","targetHints":{"allow":["GET"]}}],"collection":[{"href":"https:\/\/portalv1.com.br\/api\/wp\/v2\/posts"}],"about":[{"href":"https:\/\/portalv1.com.br\/api\/wp\/v2\/types\/post"}],"author":[{"embeddable":true,"href":"https:\/\/portalv1.com.br\/api\/wp\/v2\/users\/1"}],"replies":[{"embeddable":true,"href":"https:\/\/portalv1.com.br\/api\/wp\/v2\/comments?post=18998"}],"version-history":[{"count":0,"href":"https:\/\/portalv1.com.br\/api\/wp\/v2\/posts\/18998\/revisions"}],"wp:attachment":[{"href":"https:\/\/portalv1.com.br\/api\/wp\/v2\/media?parent=18998"}],"wp:term":[{"taxonomy":"category","embeddable":true,"href":"https:\/\/portalv1.com.br\/api\/wp\/v2\/categories?post=18998"},{"taxonomy":"post_tag","embeddable":true,"href":"https:\/\/portalv1.com.br\/api\/wp\/v2\/tags?post=18998"}],"curies":[{"name":"wp","href":"https:\/\/api.w.org\/{rel}","templated":true}]}}