{"id":189989,"date":"2024-02-19T21:29:28","date_gmt":"2024-02-20T00:29:28","guid":{"rendered":"https:\/\/portalv1.com.br\/?p=189989"},"modified":"2024-02-19T21:29:52","modified_gmt":"2024-02-20T00:29:52","slug":"nova-lei-do-cpf-ja-esta-valendo-em-todo-o-pais","status":"publish","type":"post","link":"https:\/\/portalv1.com.br\/nova-lei-do-cpf-ja-esta-valendo-em-todo-o-pais\/","title":{"rendered":"Nova Lei do CPF j\u00e1 est\u00e1 valendo em todo o pa\u00eds"},"content":{"rendered":"<p>A nova lei referente ao Cadastro de Pessoas F\u00edsicas (CPF) j\u00e1 est\u00e1 valendo. Sancionado em 2023 pelo presidente Lula, o decreto determina o cadastro como n\u00famero \u00fanico para identifica\u00e7\u00e3o.<\/p>\n<p>O CPF \u00e9 um banco de dados gerenciado pela Receita Federal, que armazena informa\u00e7\u00f5es cadastrais de contribuintes. Com a Lei 14.534\/23, outros n\u00fameros de identifica\u00e7\u00e3o, como Registro Geral (RG), PIS e n\u00famero da carteira de trabalho, foram dispensados. Agora, basta informar o n\u00famero do CPF para solicita\u00e7\u00f5es de servi\u00e7o p\u00fablico.<\/p>\n<p>A Lei entrou em vigor desde a data de publica\u00e7\u00e3o. No entanto, os \u00f3rg\u00e3os e as entidades tinham 12 meses para realizar a adequa\u00e7\u00e3o dos sistemas e dos procedimentos de atendimento aos cidad\u00e3os, para ado\u00e7\u00e3o do n\u00famero de inscri\u00e7\u00e3o no CPF como n\u00famero de identifica\u00e7\u00e3o. O prazo foi encerrado em janeiro.<\/p>\n<p>Os \u00f3rg\u00e3os e as entidades ainda possuem 24 meses, contados a partir da publica\u00e7\u00e3o da Lei, para modificar os sistemas entre os cadastros e as bases de dados a partir do n\u00famero de inscri\u00e7\u00e3o no CPF.<\/p>\n<p>Agora, o n\u00famero de inscri\u00e7\u00e3o no CPF dever\u00e1 constar nos cadastros e nos documentos de \u00f3rg\u00e3os p\u00fablicos, como:<\/p>\n<p>Certid\u00e3o de nascimento;<\/p>\n<p>Certid\u00e3o de casamento;<\/p>\n<p>Certid\u00e3o de \u00f3bito;<\/p>\n<p>Documento Nacional de Identifica\u00e7\u00e3o (DNI);<\/p>\n<p>N\u00famero de Identifica\u00e7\u00e3o do Trabalhador (NIT);<\/p>\n<p>Registro no Programa de Integra\u00e7\u00e3o Social (PIS) ou no Programa de Forma\u00e7\u00e3o do Patrim\u00f4nio do Servidor P\u00fablico (Pasep);<\/p>\n<p>Cart\u00e3o Nacional de Sa\u00fade;<\/p>\n<p>T\u00edtulo de eleitor;<\/p>\n<p>Carteira de Trabalho e Previd\u00eancia Social (CTPS);<\/p>\n<p>N\u00famero da Permiss\u00e3o para Dirigir ou Carteira Nacional de Habilita\u00e7\u00e3o (CNH);<\/p>\n<p>Certificado militar;<\/p>\n<p>Carteira profissional expedida pelos conselhos de fiscaliza\u00e7\u00e3o de profiss\u00e3o regulamentada; e<\/p>\n<p>Outros certificados de registro e n\u00fameros de inscri\u00e7\u00e3o existentes em bases de dados p\u00fablicas federais, estaduais, distritais e municipais.<\/p>\n<p>Fonte: diariodonordeste<\/p>\n","protected":false},"excerpt":{"rendered":"<p>A nova lei referente ao Cadastro de Pessoas F\u00edsicas (CPF) j\u00e1 est\u00e1 valendo. Sancionado em 2023 pelo presidente Lula, o decreto determina o cadastro como n\u00famero \u00fanico para identifica\u00e7\u00e3o. O&#8230;<\/p>\n","protected":false},"author":1,"featured_media":88216,"comment_status":"open","ping_status":"open","sticky":false,"template":"","format":"standard","meta":{"ngg_post_thumbnail":0,"footnotes":""},"categories":[243],"tags":[],"class_list":["post-189989","post","type-post","status-publish","format-standard","has-post-thumbnail","hentry","category-geral"],"views":2454,"meta_data":{"thumb":"https:\/\/portalv1.com.br\/app\/wp-content\/uploads\/2020\/09\/cpf.jpeg","imagem":{"fullsize":{"url":"https:\/\/portalv1.com.br\/app\/wp-content\/uploads\/2020\/09\/cpf.jpeg","width":696,"height":390},"medium":{"url":"https:\/\/portalv1.com.br\/app\/wp-content\/uploads\/2020\/09\/cpf-300x168.jpeg","width":300,"height":168},"large":{"url":"https:\/\/portalv1.com.br\/app\/wp-content\/uploads\/2020\/09\/cpf-640x359.jpeg","width":640,"height":359},"thumbnail":{"url":"https:\/\/portalv1.com.br\/app\/wp-content\/uploads\/2020\/09\/cpf-100x100.jpeg","width":100,"height":100}},"data":{"simple":"19\/02\/2024","date_time":"19\/02\/2024 18:29:28","date":"h\u00e1 2 anos"},"chapeu":"Saiba Detalhes ","source":"m_destacada"},"_links":{"self":[{"href":"https:\/\/portalv1.com.br\/api\/wp\/v2\/posts\/189989","targetHints":{"allow":["GET"]}}],"collection":[{"href":"https:\/\/portalv1.com.br\/api\/wp\/v2\/posts"}],"about":[{"href":"https:\/\/portalv1.com.br\/api\/wp\/v2\/types\/post"}],"author":[{"embeddable":true,"href":"https:\/\/portalv1.com.br\/api\/wp\/v2\/users\/1"}],"replies":[{"embeddable":true,"href":"https:\/\/portalv1.com.br\/api\/wp\/v2\/comments?post=189989"}],"version-history":[{"count":0,"href":"https:\/\/portalv1.com.br\/api\/wp\/v2\/posts\/189989\/revisions"}],"wp:featuredmedia":[{"embeddable":true,"href":"https:\/\/portalv1.com.br\/api\/wp\/v2\/media\/88216"}],"wp:attachment":[{"href":"https:\/\/portalv1.com.br\/api\/wp\/v2\/media?parent=189989"}],"wp:term":[{"taxonomy":"category","embeddable":true,"href":"https:\/\/portalv1.com.br\/api\/wp\/v2\/categories?post=189989"},{"taxonomy":"post_tag","embeddable":true,"href":"https:\/\/portalv1.com.br\/api\/wp\/v2\/tags?post=189989"}],"curies":[{"name":"wp","href":"https:\/\/api.w.org\/{rel}","templated":true}]}}