{"id":190155,"date":"2024-02-20T15:45:06","date_gmt":"2024-02-20T18:45:06","guid":{"rendered":"https:\/\/portalv1.com.br\/?p=190155"},"modified":"2024-02-20T19:58:04","modified_gmt":"2024-02-20T22:58:04","slug":"professor-e-coreografo-elesbonense-jeovane-santos-morre-aos-38-anos-em-picos","status":"publish","type":"post","link":"https:\/\/portalv1.com.br\/professor-e-coreografo-elesbonense-jeovane-santos-morre-aos-38-anos-em-picos\/","title":{"rendered":"Professor e core\u00f3grafo elesbonense, Jeovane Santos morre aos 38 anos"},"content":{"rendered":"<p>O professor de ingl\u00eas, dan\u00e7arino e core\u00f3grafo elesbonense, Jeovane Santos, faleceu nesta ter\u00e7a-feira (20) aos 38 anos em Picos, onde estava internado desde o \u00faltimo domingo (18), quando passou mal em sua resid\u00eancia na cidade de Elesb\u00e3o Veloso.<\/p>\n<p>Depois de ser atendido pelo SAMU, o professor deu entrada no Hospital Estadual Norberto Moura e depois foi transferido para Picos, onde faleceu nesta ter\u00e7a-feira, v\u00edtima de cetoacidose diab\u00e9tica, uma fase aguda do diabetes.<\/p>\n<p>Al\u00e9m de professor respeitado, ele era muito conhecido pelo trabalho de core\u00f3grafo e seu trabalho era sempre aplaudido nas festas juninas, auto de natal e em outras manifesta\u00e7\u00f5es culturais em Elesb\u00e3o Veloso e na regi\u00e3o.<\/p>\n<p>\u201cEle representa muito para a Cultura de Elesb\u00e3o Veloso. Um artista brilhante do mundo da dan\u00e7a, que emocionou muitas plateias, seja dan\u00e7ando ou coreografando, de uma sensibilidade \u00edmpar\u201d, escreveu o amigo Jos\u00e9 Claudio.<\/p>\n<p>A secret\u00e1ria de Cultura de Elesb\u00e3o Veloso, Layane Patr\u00edcia, que acompanhou o core\u00f3grafo at\u00e9 Picos afirmou que a cultura de Elesb\u00e3o Veloso perdeu um dos seus grandes expoentes.<\/p>\n<p>\u201cDeixa muita tristeza, muitas saudades, mas muitas lembran\u00e7as boas\u201d, afirmou a secret\u00e1ria, que disse ainda que Jeo, como era conhecido, al\u00e9m de suas qualidades profissionais era muito prestativo. O corpo deve chegar a Elesb\u00e3o Veloso por volta das 17h e o vel\u00f3rio acontecer\u00e1 em sua resid\u00eancia na Rua Marcos Parente.<\/p>\n<p><a href=\"https:\/\/portalv1.com.br\/app\/wp-content\/uploads\/2024\/02\/jeovane.jpg\"><img loading=\"lazy\" decoding=\"async\" class=\"aligncenter size-large wp-image-190157\" src=\"https:\/\/portalv1.com.br\/app\/wp-content\/uploads\/2024\/02\/jeovane-640x612.jpg\" alt=\"\" width=\"600\" height=\"574\" srcset=\"https:\/\/portalv1.com.br\/app\/wp-content\/uploads\/2024\/02\/jeovane-640x612.jpg 640w, https:\/\/portalv1.com.br\/app\/wp-content\/uploads\/2024\/02\/jeovane-300x287.jpg 300w, https:\/\/portalv1.com.br\/app\/wp-content\/uploads\/2024\/02\/jeovane-768x735.jpg 768w, https:\/\/portalv1.com.br\/app\/wp-content\/uploads\/2024\/02\/jeovane.jpg 828w\" sizes=\"auto, (max-width: 600px) 100vw, 600px\" \/><\/a><a href=\"https:\/\/portalv1.com.br\/app\/wp-content\/uploads\/2024\/02\/obito19.jpg\"><img loading=\"lazy\" decoding=\"async\" class=\"aligncenter size-large wp-image-190156\" src=\"https:\/\/portalv1.com.br\/app\/wp-content\/uploads\/2024\/02\/obito19-640x640.jpg\" alt=\"\" width=\"600\" height=\"600\" srcset=\"https:\/\/portalv1.com.br\/app\/wp-content\/uploads\/2024\/02\/obito19-640x640.jpg 640w, https:\/\/portalv1.com.br\/app\/wp-content\/uploads\/2024\/02\/obito19-300x300.jpg 300w, https:\/\/portalv1.com.br\/app\/wp-content\/uploads\/2024\/02\/obito19-100x100.jpg 100w, https:\/\/portalv1.com.br\/app\/wp-content\/uploads\/2024\/02\/obito19-768x768.jpg 768w, https:\/\/portalv1.com.br\/app\/wp-content\/uploads\/2024\/02\/obito19.jpg 819w\" sizes=\"auto, (max-width: 600px) 100vw, 600px\" \/><\/a><\/p>\n","protected":false},"excerpt":{"rendered":"<p>O professor de ingl\u00eas, dan\u00e7arino e core\u00f3grafo elesbonense, Jeovane Santos, faleceu nesta ter\u00e7a-feira (20) aos 38 anos em Picos, onde estava internado desde o \u00faltimo domingo (18), quando passou mal&#8230;<\/p>\n","protected":false},"author":1,"featured_media":190157,"comment_status":"open","ping_status":"open","sticky":false,"template":"","format":"standard","meta":{"ngg_post_thumbnail":0,"footnotes":""},"categories":[243],"tags":[],"class_list":["post-190155","post","type-post","status-publish","format-standard","has-post-thumbnail","hentry","category-geral"],"views":1642,"meta_data":{"thumb":"https:\/\/portalv1.com.br\/app\/wp-content\/uploads\/2024\/02\/jeovane.jpg","imagem":{"fullsize":{"url":"https:\/\/portalv1.com.br\/app\/wp-content\/uploads\/2024\/02\/jeovane.jpg","width":828,"height":792},"medium":{"url":"https:\/\/portalv1.com.br\/app\/wp-content\/uploads\/2024\/02\/jeovane-300x287.jpg","width":300,"height":287},"large":{"url":"https:\/\/portalv1.com.br\/app\/wp-content\/uploads\/2024\/02\/jeovane-640x612.jpg","width":640,"height":612},"thumbnail":{"url":"https:\/\/portalv1.com.br\/app\/wp-content\/uploads\/2024\/02\/jeovane-100x100.jpg","width":100,"height":100},"medium_large":{"url":"https:\/\/portalv1.com.br\/app\/wp-content\/uploads\/2024\/02\/jeovane-768x735.jpg","width":768,"height":735}},"data":{"simple":"20\/02\/2024","date_time":"20\/02\/2024 12:45:06","date":"h\u00e1 2 anos"},"chapeu":"LUTO ","source":"slide"},"_links":{"self":[{"href":"https:\/\/portalv1.com.br\/api\/wp\/v2\/posts\/190155","targetHints":{"allow":["GET"]}}],"collection":[{"href":"https:\/\/portalv1.com.br\/api\/wp\/v2\/posts"}],"about":[{"href":"https:\/\/portalv1.com.br\/api\/wp\/v2\/types\/post"}],"author":[{"embeddable":true,"href":"https:\/\/portalv1.com.br\/api\/wp\/v2\/users\/1"}],"replies":[{"embeddable":true,"href":"https:\/\/portalv1.com.br\/api\/wp\/v2\/comments?post=190155"}],"version-history":[{"count":0,"href":"https:\/\/portalv1.com.br\/api\/wp\/v2\/posts\/190155\/revisions"}],"wp:featuredmedia":[{"embeddable":true,"href":"https:\/\/portalv1.com.br\/api\/wp\/v2\/media\/190157"}],"wp:attachment":[{"href":"https:\/\/portalv1.com.br\/api\/wp\/v2\/media?parent=190155"}],"wp:term":[{"taxonomy":"category","embeddable":true,"href":"https:\/\/portalv1.com.br\/api\/wp\/v2\/categories?post=190155"},{"taxonomy":"post_tag","embeddable":true,"href":"https:\/\/portalv1.com.br\/api\/wp\/v2\/tags?post=190155"}],"curies":[{"name":"wp","href":"https:\/\/api.w.org\/{rel}","templated":true}]}}