{"id":19034,"date":"2014-08-15T08:16:43","date_gmt":"2014-08-15T11:16:43","guid":{"rendered":"https:\/\/portalv1.com.br\/?p=19034"},"modified":"2014-08-19T09:37:19","modified_gmt":"2014-08-19T12:37:19","slug":"gerente-da-caixa-ganha-festa-em-seu-aniversario-confira-as-fotos","status":"publish","type":"post","link":"https:\/\/portalv1.com.br\/gerente-da-caixa-ganha-festa-em-seu-aniversario-confira-as-fotos\/","title":{"rendered":"Gerente da Caixa ganha festa em seu aniversario. Confira as fotos"},"content":{"rendered":"<figure id=\"attachment_19035\" aria-describedby=\"caption-attachment-19035\" style=\"width: 300px\" class=\"wp-caption alignright\"><a href=\"https:\/\/portalv1.com.br\/app\/wp-content\/uploads\/2014\/08\/geminano.jpg\"><img loading=\"lazy\" decoding=\"async\" class=\"size-medium wp-image-19035\" src=\"https:\/\/portalv1.com.br\/app\/wp-content\/uploads\/2014\/08\/geminano-300x225.jpg\" alt=\"A festa foi realizada no final do expediente em clima de muita alegria \" width=\"300\" height=\"225\" srcset=\"https:\/\/portalv1.com.br\/app\/wp-content\/uploads\/2014\/08\/geminano-300x225.jpg 300w, https:\/\/portalv1.com.br\/app\/wp-content\/uploads\/2014\/08\/geminano.jpg 640w\" sizes=\"auto, (max-width: 300px) 100vw, 300px\" \/><\/a><figcaption id=\"caption-attachment-19035\" class=\"wp-caption-text\">A festa foi realizada no final do expediente em clima de muita alegria<\/figcaption><\/figure>\n<p>O gerente da ag\u00eancia da Caixa Econ\u00f4mica de Valen\u00e7a Geminiano recebeu dos colegas uma linda festa em homenagem ao seu aniversario. A comemora\u00e7\u00e3o realizada nesta quarta-feira (13) teve a participa\u00e7\u00e3o de familiares e colegas de trabalho que o parabenizaram pela data festiva.<\/p>\n<p>O gerente vem fazendo um grande trabalho a frente da ag\u00eancia que atende a toda a regi\u00e3o valenciana.<\/p>\n<p>Geminiano aproveitou a oportunidade para agradecer aos colegas e familiares n\u00e3o s\u00f3 pela lembran\u00e7a do seu aniversario mais pelo companheirismo ao longo desse per\u00edodo em terras valencianas. Confira as fotos<\/p>\n<p><strong><div class=\"ngg-galleryoverview\" data-widget=\"Galeria\" data-props='{&quot;galeria&quot;:{&quot;gallery_id&quot;:1619,&quot;total&quot;:8,&quot;max_page&quot;:1,&quot;page&quot;:1,&quot;images&quot;:[{&quot;pid&quot;:32676,&quot;imageURL&quot;:&quot;https:\\\/\\\/portalv1.com.br\\\/app\\\/wp-content\\\/gallery\\\/geminiano\\\/dsc00487.jpg&quot;,&quot;thumbnailURL&quot;:&quot;https:\\\/\\\/portalv1.com.br\\\/app\\\/wp-content\\\/gallery\\\/geminiano\\\/thumbs\\\/thumbs_dsc00487.jpg&quot;,&quot;description&quot;:&quot; &quot;,&quot;alttext&quot;:&quot;dsc00487&quot;,&quot;style&quot;:&quot;&quot;},{&quot;pid&quot;:32677,&quot;imageURL&quot;:&quot;https:\\\/\\\/portalv1.com.br\\\/app\\\/wp-content\\\/gallery\\\/geminiano\\\/dsc00488.jpg&quot;,&quot;thumbnailURL&quot;:&quot;https:\\\/\\\/portalv1.com.br\\\/app\\\/wp-content\\\/gallery\\\/geminiano\\\/thumbs\\\/thumbs_dsc00488.jpg&quot;,&quot;description&quot;:&quot; &quot;,&quot;alttext&quot;:&quot;dsc00488&quot;,&quot;style&quot;:&quot;&quot;},{&quot;pid&quot;:32678,&quot;imageURL&quot;:&quot;https:\\\/\\\/portalv1.com.br\\\/app\\\/wp-content\\\/gallery\\\/geminiano\\\/dsc00489.jpg&quot;,&quot;thumbnailURL&quot;:&quot;https:\\\/\\\/portalv1.com.br\\\/app\\\/wp-content\\\/gallery\\\/geminiano\\\/thumbs\\\/thumbs_dsc00489.jpg&quot;,&quot;description&quot;:&quot; &quot;,&quot;alttext&quot;:&quot;dsc00489&quot;,&quot;style&quot;:&quot;&quot;},{&quot;pid&quot;:32679,&quot;imageURL&quot;:&quot;https:\\\/\\\/portalv1.com.br\\\/app\\\/wp-content\\\/gallery\\\/geminiano\\\/dsc00492.jpg&quot;,&quot;thumbnailURL&quot;:&quot;https:\\\/\\\/portalv1.com.br\\\/app\\\/wp-content\\\/gallery\\\/geminiano\\\/thumbs\\\/thumbs_dsc00492.jpg&quot;,&quot;description&quot;:&quot; &quot;,&quot;alttext&quot;:&quot;dsc00492&quot;,&quot;style&quot;:&quot;&quot;},{&quot;pid&quot;:32680,&quot;imageURL&quot;:&quot;https:\\\/\\\/portalv1.com.br\\\/app\\\/wp-content\\\/gallery\\\/geminiano\\\/dsc00494.jpg&quot;,&quot;thumbnailURL&quot;:&quot;https:\\\/\\\/portalv1.com.br\\\/app\\\/wp-content\\\/gallery\\\/geminiano\\\/thumbs\\\/thumbs_dsc00494.jpg&quot;,&quot;description&quot;:&quot; &quot;,&quot;alttext&quot;:&quot;dsc00494&quot;,&quot;style&quot;:&quot;&quot;},{&quot;pid&quot;:32681,&quot;imageURL&quot;:&quot;https:\\\/\\\/portalv1.com.br\\\/app\\\/wp-content\\\/gallery\\\/geminiano\\\/dsc00498.jpg&quot;,&quot;thumbnailURL&quot;:&quot;https:\\\/\\\/portalv1.com.br\\\/app\\\/wp-content\\\/gallery\\\/geminiano\\\/thumbs\\\/thumbs_dsc00498.jpg&quot;,&quot;description&quot;:&quot; &quot;,&quot;alttext&quot;:&quot;dsc00498&quot;,&quot;style&quot;:&quot;&quot;},{&quot;pid&quot;:32682,&quot;imageURL&quot;:&quot;https:\\\/\\\/portalv1.com.br\\\/app\\\/wp-content\\\/gallery\\\/geminiano\\\/dsc00499.jpg&quot;,&quot;thumbnailURL&quot;:&quot;https:\\\/\\\/portalv1.com.br\\\/app\\\/wp-content\\\/gallery\\\/geminiano\\\/thumbs\\\/thumbs_dsc00499.jpg&quot;,&quot;description&quot;:&quot; &quot;,&quot;alttext&quot;:&quot;dsc00499&quot;,&quot;style&quot;:&quot;&quot;},{&quot;pid&quot;:32683,&quot;imageURL&quot;:&quot;https:\\\/\\\/portalv1.com.br\\\/app\\\/wp-content\\\/gallery\\\/geminiano\\\/dsc00500.jpg&quot;,&quot;thumbnailURL&quot;:&quot;https:\\\/\\\/portalv1.com.br\\\/app\\\/wp-content\\\/gallery\\\/geminiano\\\/thumbs\\\/thumbs_dsc00500.jpg&quot;,&quot;description&quot;:&quot; &quot;,&quot;alttext&quot;:&quot;dsc00500&quot;,&quot;style&quot;:&quot;&quot;}]}}'><\/div><\/strong>.<\/p>\n","protected":false},"excerpt":{"rendered":"<p>O gerente da ag\u00eancia da Caixa Econ\u00f4mica de Valen\u00e7a Geminiano recebeu dos colegas uma linda festa em homenagem ao seu aniversario. A comemora\u00e7\u00e3o realizada nesta quarta-feira (13) teve a participa\u00e7\u00e3o&#8230;<\/p>\n","protected":false},"author":1,"featured_media":0,"comment_status":"open","ping_status":"open","sticky":false,"template":"","format":"standard","meta":{"ngg_post_thumbnail":0,"footnotes":""},"categories":[12],"tags":[326,1213,1146],"class_list":["post-19034","post","type-post","status-publish","format-standard","hentry","category-valenca-news","tag-aniversario","tag-geminiano","tag-happy-birthday"],"views":962,"meta_data":{"thumb":"https:\/\/portalv1.com.br\/app\/wp-content\/uploads\/2014\/08\/geminano.jpg","data":{"simple":"15\/08\/2014","date_time":"15\/08\/2014 05:16:43","date":"h\u00e1 12 anos"},"chapeu":"Happy Birthday","source":"foto_menor"},"_links":{"self":[{"href":"https:\/\/portalv1.com.br\/api\/wp\/v2\/posts\/19034","targetHints":{"allow":["GET"]}}],"collection":[{"href":"https:\/\/portalv1.com.br\/api\/wp\/v2\/posts"}],"about":[{"href":"https:\/\/portalv1.com.br\/api\/wp\/v2\/types\/post"}],"author":[{"embeddable":true,"href":"https:\/\/portalv1.com.br\/api\/wp\/v2\/users\/1"}],"replies":[{"embeddable":true,"href":"https:\/\/portalv1.com.br\/api\/wp\/v2\/comments?post=19034"}],"version-history":[{"count":0,"href":"https:\/\/portalv1.com.br\/api\/wp\/v2\/posts\/19034\/revisions"}],"wp:attachment":[{"href":"https:\/\/portalv1.com.br\/api\/wp\/v2\/media?parent=19034"}],"wp:term":[{"taxonomy":"category","embeddable":true,"href":"https:\/\/portalv1.com.br\/api\/wp\/v2\/categories?post=19034"},{"taxonomy":"post_tag","embeddable":true,"href":"https:\/\/portalv1.com.br\/api\/wp\/v2\/tags?post=19034"}],"curies":[{"name":"wp","href":"https:\/\/api.w.org\/{rel}","templated":true}]}}