{"id":19068,"date":"2014-08-21T22:37:02","date_gmt":"2014-08-22T01:37:02","guid":{"rendered":"https:\/\/portalv1.com.br\/?p=19068"},"modified":"2014-08-21T22:49:18","modified_gmt":"2014-08-22T01:49:18","slug":"prefeito-vai-gastar-sem-licitacao-r-325-mil-com-escritorio-de-advocacia-2","status":"publish","type":"post","link":"https:\/\/portalv1.com.br\/prefeito-vai-gastar-sem-licitacao-r-325-mil-com-escritorio-de-advocacia-2\/","title":{"rendered":"Prefeito vai gastar sem licita\u00e7\u00e3o R$ 325 mil com escrit\u00f3rio de advocacia"},"content":{"rendered":"<figure id=\"attachment_14331\" aria-describedby=\"caption-attachment-14331\" style=\"width: 300px\" class=\"wp-caption alignright\"><a href=\"https:\/\/portalv1.com.br\/app\/wp-content\/uploads\/2012\/12\/walfredofilho.jpg\"><img loading=\"lazy\" decoding=\"async\" class=\"wp-image-14331 size-medium\" src=\"https:\/\/portalv1.com.br\/app\/wp-content\/uploads\/2012\/12\/walfredofilho-300x217.jpg\" alt=\"prefeito Walfredo Filho \" width=\"300\" height=\"217\" srcset=\"https:\/\/portalv1.com.br\/app\/wp-content\/uploads\/2012\/12\/walfredofilho-300x217.jpg 300w, https:\/\/portalv1.com.br\/app\/wp-content\/uploads\/2012\/12\/walfredofilho.jpg 445w\" sizes=\"auto, (max-width: 300px) 100vw, 300px\" \/><\/a><figcaption id=\"caption-attachment-14331\" class=\"wp-caption-text\">prefeito Walfredo Filho<\/figcaption><\/figure>\n<p>O prefeito do munic\u00edpio de Valen\u00e7a do Piau\u00ed, Walfredo Val de Carvalho Filho, vai gastar R$ 325.560,00 (trezentos e vinte e cinco mil e quinhentos e sessenta reais) com a empresa Marcos Andr\u00e9 Lima Ramos Advocacia e Consultoria.<\/p>\n<p>A empresa prestar\u00e1 servi\u00e7os especializados de assessoria e consultoria jur\u00eddica. Foram assinados dois contratos. O detalhe \u00e9 que foram assinados mediante a famigerada inexigibilidade de licita\u00e7\u00e3o.<\/p>\n<p>O primeiro contrato foi celebrado no dia 06 de janeiro no valor global de R$ 145.560,00 (cento e quarenta e cinco mil e quinhentos e sessenta reais). Sendo que o valor mensal a ser pago pela prefeitura ser\u00e1 de R$ 12.130,00. O contrato tem dura\u00e7\u00e3o de 12 meses.<br \/>\nO segundo contrato foi assinado no dia 01 de julho no valor mensal de R$ 15.000,00. A dura\u00e7\u00e3o do mesmo \u00e9 de 12 meses e ter\u00e1 um valor global de R$ 180.000,00 (cento e oitenta mil reais). O escrit\u00f3rio atuou na defesa do prefeito no processo que cassou o prefeito no m\u00eas de junho desse ano.<\/p>\n<p>Fonte: GP1<\/p>\n<p><a href=\"https:\/\/portalv1.com.br\/app\/wp-content\/uploads\/2014\/08\/anexo-01.jpg\"><img loading=\"lazy\" decoding=\"async\" class=\"alignleft wp-image-19065 size-full\" src=\"https:\/\/portalv1.com.br\/app\/wp-content\/uploads\/2014\/08\/anexo-01.jpg\" alt=\"anexo 01\" width=\"600\" height=\"341\" srcset=\"https:\/\/portalv1.com.br\/app\/wp-content\/uploads\/2014\/08\/anexo-01.jpg 600w, https:\/\/portalv1.com.br\/app\/wp-content\/uploads\/2014\/08\/anexo-01-300x170.jpg 300w\" sizes=\"auto, (max-width: 600px) 100vw, 600px\" \/><\/a><\/p>\n<p><a href=\"https:\/\/portalv1.com.br\/app\/wp-content\/uploads\/2014\/08\/anexo02.jpg\"><img loading=\"lazy\" decoding=\"async\" class=\"alignleft wp-image-19066 size-full\" src=\"https:\/\/portalv1.com.br\/app\/wp-content\/uploads\/2014\/08\/anexo02.jpg\" alt=\"anexo02\" width=\"600\" height=\"336\" srcset=\"https:\/\/portalv1.com.br\/app\/wp-content\/uploads\/2014\/08\/anexo02.jpg 600w, https:\/\/portalv1.com.br\/app\/wp-content\/uploads\/2014\/08\/anexo02-300x168.jpg 300w\" sizes=\"auto, (max-width: 600px) 100vw, 600px\" \/><\/a><\/p>\n","protected":false},"excerpt":{"rendered":"<p>O prefeito do munic\u00edpio de Valen\u00e7a do Piau\u00ed, Walfredo Val de Carvalho Filho, vai gastar R$ 325.560,00 (trezentos e vinte e cinco mil e quinhentos e sessenta reais) com a&#8230;<\/p>\n","protected":false},"author":1,"featured_media":0,"comment_status":"open","ping_status":"open","sticky":false,"template":"","format":"standard","meta":{"ngg_post_thumbnail":0,"footnotes":""},"categories":[12],"tags":[],"class_list":["post-19068","post","type-post","status-publish","format-standard","hentry","category-valenca-news"],"views":1252,"meta_data":{"thumb":"https:\/\/portalv1.com.br\/app\/wp-content\/uploads\/2012\/12\/walfredofilho.jpg","data":{"simple":"21\/08\/2014","date_time":"21\/08\/2014 19:37:02","date":"h\u00e1 12 anos"},"chapeu":"Marcos Andr\u00e9 Lima Ramos Advocacia e Consultoria.","source":"slide"},"_links":{"self":[{"href":"https:\/\/portalv1.com.br\/api\/wp\/v2\/posts\/19068","targetHints":{"allow":["GET"]}}],"collection":[{"href":"https:\/\/portalv1.com.br\/api\/wp\/v2\/posts"}],"about":[{"href":"https:\/\/portalv1.com.br\/api\/wp\/v2\/types\/post"}],"author":[{"embeddable":true,"href":"https:\/\/portalv1.com.br\/api\/wp\/v2\/users\/1"}],"replies":[{"embeddable":true,"href":"https:\/\/portalv1.com.br\/api\/wp\/v2\/comments?post=19068"}],"version-history":[{"count":0,"href":"https:\/\/portalv1.com.br\/api\/wp\/v2\/posts\/19068\/revisions"}],"wp:attachment":[{"href":"https:\/\/portalv1.com.br\/api\/wp\/v2\/media?parent=19068"}],"wp:term":[{"taxonomy":"category","embeddable":true,"href":"https:\/\/portalv1.com.br\/api\/wp\/v2\/categories?post=19068"},{"taxonomy":"post_tag","embeddable":true,"href":"https:\/\/portalv1.com.br\/api\/wp\/v2\/tags?post=19068"}],"curies":[{"name":"wp","href":"https:\/\/api.w.org\/{rel}","templated":true}]}}