{"id":19074,"date":"2014-08-22T14:00:00","date_gmt":"2014-08-22T17:00:00","guid":{"rendered":"https:\/\/portalv1.com.br\/?p=19074"},"modified":"2014-08-24T10:03:05","modified_gmt":"2014-08-24T13:03:05","slug":"wellington-dias-visita-inhuma-e-lagoa-do-sitio-neste-sabado","status":"publish","type":"post","link":"https:\/\/portalv1.com.br\/wellington-dias-visita-inhuma-e-lagoa-do-sitio-neste-sabado\/","title":{"rendered":"Wellington Dias visita Inhuma e Lagoa do Sitio neste s\u00e1bado"},"content":{"rendered":"<figure id=\"attachment_17061\" aria-describedby=\"caption-attachment-17061\" style=\"width: 300px\" class=\"wp-caption alignright\"><a href=\"https:\/\/portalv1.com.br\/app\/wp-content\/uploads\/2013\/11\/ze-simao-l.jpg\"><img loading=\"lazy\" decoding=\"async\" class=\"size-full wp-image-17061\" src=\"https:\/\/portalv1.com.br\/app\/wp-content\/uploads\/2013\/11\/ze-simao-l.jpg\" alt=\"Wellington Dias primeira dama Gercineide Monteiro e o prefeito Z\u00e9 Sim\u00e3o \" width=\"300\" height=\"200\" \/><\/a><figcaption id=\"caption-attachment-17061\" class=\"wp-caption-text\">Wellington Dias primeira dama Gercineide Monteiro e o prefeito Z\u00e9 Sim\u00e3o<\/figcaption><\/figure>\n<p>O candidato a governador pela coliga\u00e7\u00e3o A Vitoria com a For\u00e7a do Povo \u00a0Wellington Dias estar\u00e1 nesse s\u00e1bado, 23 de agosto visitando as cidades Inhuma e Lagoa do Sitio.<\/p>\n<p>Pela programa\u00e7\u00e3o Wellington Dias chegar\u00e1 \u00e0s 16h na cidade de Inhuma e logo depois viaja para Lagoa do Sitio, onde na companhia do prefeito Z\u00e9 Sim\u00e3o participa de uma carreata pelas ruas da cidade.<\/p>\n<p>A expectativa \u00e9 pela participa\u00e7\u00e3o de prefeitos e lideran\u00e7as da regi\u00e3o valenciana nas duas agendas de Wellington Dias.<\/p>\n","protected":false},"excerpt":{"rendered":"<p>O candidato a governador pela coliga\u00e7\u00e3o A Vitoria com a For\u00e7a do Povo \u00a0Wellington Dias estar\u00e1 nesse s\u00e1bado, 23 de agosto visitando as cidades Inhuma e Lagoa do Sitio. Pela&#8230;<\/p>\n","protected":false},"author":1,"featured_media":0,"comment_status":"open","ping_status":"open","sticky":false,"template":"","format":"standard","meta":{"ngg_post_thumbnail":0,"footnotes":""},"categories":[12],"tags":[],"class_list":["post-19074","post","type-post","status-publish","format-standard","hentry","category-valenca-news"],"views":608,"meta_data":{"thumb":"https:\/\/portalv1.com.br\/app\/wp-content\/uploads\/2013\/11\/ze-simao-l.jpg","data":{"simple":"22\/08\/2014","date_time":"22\/08\/2014 11:00:00","date":"h\u00e1 12 anos"},"chapeu":"Elei\u00e7oes 2014","source":"retirar"},"_links":{"self":[{"href":"https:\/\/portalv1.com.br\/api\/wp\/v2\/posts\/19074","targetHints":{"allow":["GET"]}}],"collection":[{"href":"https:\/\/portalv1.com.br\/api\/wp\/v2\/posts"}],"about":[{"href":"https:\/\/portalv1.com.br\/api\/wp\/v2\/types\/post"}],"author":[{"embeddable":true,"href":"https:\/\/portalv1.com.br\/api\/wp\/v2\/users\/1"}],"replies":[{"embeddable":true,"href":"https:\/\/portalv1.com.br\/api\/wp\/v2\/comments?post=19074"}],"version-history":[{"count":0,"href":"https:\/\/portalv1.com.br\/api\/wp\/v2\/posts\/19074\/revisions"}],"wp:attachment":[{"href":"https:\/\/portalv1.com.br\/api\/wp\/v2\/media?parent=19074"}],"wp:term":[{"taxonomy":"category","embeddable":true,"href":"https:\/\/portalv1.com.br\/api\/wp\/v2\/categories?post=19074"},{"taxonomy":"post_tag","embeddable":true,"href":"https:\/\/portalv1.com.br\/api\/wp\/v2\/tags?post=19074"}],"curies":[{"name":"wp","href":"https:\/\/api.w.org\/{rel}","templated":true}]}}